{"id":183,"date":"2020-04-06T19:18:59","date_gmt":"2020-04-06T17:18:59","guid":{"rendered":"http:\/\/pierrehenriet.fr\/?p=183"},"modified":"2021-01-21T11:47:42","modified_gmt":"2021-01-21T10:47:42","slug":"les-dotations-de-letat-a-nouveau-en-hausse-pour-le-sud-vendee","status":"publish","type":"post","link":"https:\/\/pierrehenriet.fr\/index.php\/2020\/04\/06\/les-dotations-de-letat-a-nouveau-en-hausse-pour-le-sud-vendee\/","title":{"rendered":"Les dotations de l\u2019\u00c9tat \u00e0 nouveau en hausse pour le Sud-Vend\u00e9e"},"content":{"rendered":"\n<p>Les dotations de l\u2019\u00c9tat pour les communes (DGF) viennent d\u2019\u00eatre annonc\u00e9es, conform\u00e9ment au calendrier. Pour Pierre HENRIET, d\u00e9put\u00e9 de la Vend\u00e9e, cela est le signe d\u2019un soutien indispensable pour les communes de notre territoire&nbsp;:<\/p>\n\n\n\n<p><em>\u00ab&nbsp;Les \u00e9lus jouent un r\u00f4le cl\u00e9 dans la lutte contre le Covid-19. Cette dotation leur donne les moyens&nbsp;&nbsp;de pr\u00e9parer la sortie de crise.&nbsp;<\/em><\/p>\n\n\n\n<p><em>Apr\u00e8s une baisse des dotations de 10 milliards d\u2019euros entre 2013 et 2017,&nbsp;<\/em><strong><em>les dotations de l\u2019\u00c9tat aux collectivit\u00e9s territoriales sont stables pour la troisi\u00e8me ann\u00e9e cons\u00e9cutive, conform\u00e9ment aux engagements pris.<\/em><\/strong><\/p>\n\n\n\n<p><strong><em>Le montant de la DGF pour le Sud-Vend\u00e9e b\u00e9n\u00e9ficie d\u2019une augmentation historique en 2020 atteignant le montant de 21&nbsp;179&nbsp;000 \u20ac<\/em><\/strong><em>, soit une augmentation de 500 000 \u20ac par rapport \u00e0 2019 (+2,4%) et 900 000 \u20ac depuis 2018 (+4,4%).<\/em><\/p>\n\n\n\n<p><em>Cette dotation permettra notamment aux \u00e9lus locaux et aux intercommunalit\u00e9s d\u2019engager les investissements pour soutenir l\u2019\u00e9conomie de notre territoire et garantir la continuit\u00e9 des services publics pour tous. C\u2019est un effort tr\u00e8s significatif dans un contexte budg\u00e9taire complexe qui va permettre aux maires et aux conseillers municipaux de poursuivre leur mission.<\/em><\/p>\n\n\n\n<p><em>Ces mesures t\u00e9moignent de l\u2019engagement durable de la majorit\u00e9 pour le d\u00e9veloppement du Sud-Vend\u00e9e&nbsp;!&nbsp;\u00bb<\/em><\/p>\n","protected":false},"excerpt":{"rendered":"<p>Les dotations de l\u2019\u00c9tat pour les communes (DGF) viennent d\u2019\u00eatre annonc\u00e9es, conform\u00e9ment au calendrier. Pour Pierre HENRIET, d\u00e9put\u00e9 de la Vend\u00e9e, cela est le signe d\u2019un soutien indispensable pour les communes de notre territoire&nbsp;: \u00ab&nbsp;Les \u00e9lus jouent un r\u00f4le cl\u00e9 dans la lutte contre le Covid-19. Cette dotation leur donne les moyens&nbsp;&nbsp;de pr\u00e9parer la sortie [&hellip;]<\/p>\n","protected":false},"author":1,"featured_media":319,"comment_status":"closed","ping_status":"closed","sticky":false,"template":"","format":"standard","meta":{"inline_featured_image":false,"_uag_custom_page_level_css":"","footnotes":""},"categories":[5],"tags":[],"class_list":["post-183","post","type-post","status-publish","format-standard","has-post-thumbnail","hentry","category-communique-de-presse"],"uagb_featured_image_src":{"full":["https:\/\/pierrehenriet.fr\/wp-content\/uploads\/2020\/04\/92344045_10222159569876029_7918360113889411072_o.jpg",2048,1536,false],"thumbnail":["https:\/\/pierrehenriet.fr\/wp-content\/uploads\/2020\/04\/92344045_10222159569876029_7918360113889411072_o-150x150.jpg",150,150,true],"medium":["https:\/\/pierrehenriet.fr\/wp-content\/uploads\/2020\/04\/92344045_10222159569876029_7918360113889411072_o-300x225.jpg",300,225,true],"medium_large":["https:\/\/pierrehenriet.fr\/wp-content\/uploads\/2020\/04\/92344045_10222159569876029_7918360113889411072_o-768x576.jpg",768,576,true],"large":["https:\/\/pierrehenriet.fr\/wp-content\/uploads\/2020\/04\/92344045_10222159569876029_7918360113889411072_o-1024x768.jpg",1024,768,true],"post-slider-thumb-size":["https:\/\/pierrehenriet.fr\/wp-content\/uploads\/2020\/04\/92344045_10222159569876029_7918360113889411072_o-330x190.jpg",330,190,true],"post-category-slider-size":["https:\/\/pierrehenriet.fr\/wp-content\/uploads\/2020\/04\/92344045_10222159569876029_7918360113889411072_o.jpg",330,248,false],"1536x1536":["https:\/\/pierrehenriet.fr\/wp-content\/uploads\/2020\/04\/92344045_10222159569876029_7918360113889411072_o.jpg",1536,1152,false],"2048x2048":["https:\/\/pierrehenriet.fr\/wp-content\/uploads\/2020\/04\/92344045_10222159569876029_7918360113889411072_o.jpg",2048,1536,false]},"uagb_author_info":{"display_name":"Pierre Henriet","author_link":"https:\/\/pierrehenriet.fr\/index.php\/author\/admin8155\/"},"uagb_comment_info":0,"uagb_excerpt":"Les dotations de l\u2019\u00c9tat pour les communes (DGF) viennent d\u2019\u00eatre annonc\u00e9es, conform\u00e9ment au calendrier. Pour Pierre HENRIET, d\u00e9put\u00e9 de la Vend\u00e9e, cela est le signe d\u2019un soutien indispensable pour les communes de notre territoire&nbsp;: \u00ab&nbsp;Les \u00e9lus jouent un r\u00f4le cl\u00e9 dans la lutte contre le Covid-19. Cette dotation leur donne les moyens&nbsp;&nbsp;de pr\u00e9parer la sortie\u2026","_links":{"self":[{"href":"https:\/\/pierrehenriet.fr\/index.php\/wp-json\/wp\/v2\/posts\/183","targetHints":{"allow":["GET"]}}],"collection":[{"href":"https:\/\/pierrehenriet.fr\/index.php\/wp-json\/wp\/v2\/posts"}],"about":[{"href":"https:\/\/pierrehenriet.fr\/index.php\/wp-json\/wp\/v2\/types\/post"}],"author":[{"embeddable":true,"href":"https:\/\/pierrehenriet.fr\/index.php\/wp-json\/wp\/v2\/users\/1"}],"replies":[{"embeddable":true,"href":"https:\/\/pierrehenriet.fr\/index.php\/wp-json\/wp\/v2\/comments?post=183"}],"version-history":[{"count":3,"href":"https:\/\/pierrehenriet.fr\/index.php\/wp-json\/wp\/v2\/posts\/183\/revisions"}],"predecessor-version":[{"id":192,"href":"https:\/\/pierrehenriet.fr\/index.php\/wp-json\/wp\/v2\/posts\/183\/revisions\/192"}],"wp:featuredmedia":[{"embeddable":true,"href":"https:\/\/pierrehenriet.fr\/index.php\/wp-json\/wp\/v2\/media\/319"}],"wp:attachment":[{"href":"https:\/\/pierrehenriet.fr\/index.php\/wp-json\/wp\/v2\/media?parent=183"}],"wp:term":[{"taxonomy":"category","embeddable":true,"href":"https:\/\/pierrehenriet.fr\/index.php\/wp-json\/wp\/v2\/categories?post=183"},{"taxonomy":"post_tag","embeddable":true,"href":"https:\/\/pierrehenriet.fr\/index.php\/wp-json\/wp\/v2\/tags?post=183"}],"curies":[{"name":"wp","href":"https:\/\/api.w.org\/{rel}","templated":true}]}}