{"id":259,"date":"2018-03-27T10:48:13","date_gmt":"2018-03-27T08:48:13","guid":{"rendered":"http:\/\/pierrehenriet.fr\/?p=259"},"modified":"2021-01-21T11:03:05","modified_gmt":"2021-01-21T10:03:05","slug":"fontenay-le-comte-retenu-pour-le-plan-action-coeur-de-ville-du-ministere-de-la-cohesion-des-territoires","status":"publish","type":"post","link":"https:\/\/pierrehenriet.fr\/index.php\/2018\/03\/27\/fontenay-le-comte-retenu-pour-le-plan-action-coeur-de-ville-du-ministere-de-la-cohesion-des-territoires\/","title":{"rendered":"Fontenay-le-Comte retenu pour le plan \u00ab Action c\u0153ur de ville \u00bb du Minist\u00e8re de la Coh\u00e9sion des territoires"},"content":{"rendered":"\n<p>Jacques\nM\u00e9zard, Ministre de la Coh\u00e9sion des territoires, a\nannonc\u00e9 ce mardi 27 mars la liste des villes retenues dans le cadre du plan\nnational \u00ab Action c\u0153ur de ville \u00bb. Parmi elles, Fontenay-le-Comte dont je me\nf\u00e9licite d\u2019avoir port\u00e9 le projet aupr\u00e8s du Minist\u00e8re, suite \u00e0 la sollicitation\ndes \u00e9lus municipaux.<\/p>\n\n\n\n<p>La\nr\u00e9novation et la redynamisation des villes moyennes est un axe essentiel de la\nnouvelle politique de coh\u00e9sion et d\u2019am\u00e9nagement des territoires. Les premi\u00e8res mesures du plan sont destin\u00e9es \u00e0\nfaciliter et \u00e0 soutenir le travail des collectivit\u00e9s locales, \u00e0 inciter les\nacteurs du logement et de l\u2019urbanisme \u00e0 r\u00e9investir les centres villes, \u00e0\nfavoriser le maintien ou l\u2019implantation d\u2019activit\u00e9s, notamment commerciales, en\nc\u0153ur de ville et, plus globalement, \u00e0 am\u00e9liorer les conditions de vie des\nhabitants et conforter le r\u00f4le de ces villes comme moteur de d\u00e9veloppement du\nterritoire.<\/p>\n\n\n\n<p>Pour\nrappel, le plan \u00ab Action C\u0153ur de ville \u00bb a \u00e9t\u00e9 co-\u00e9labor\u00e9 par le gouvernement\net les co-financeurs du plan : Action Logement, pr\u00e9sid\u00e9 par Bruno Arcadipane,\nla Caisse des D\u00e9p\u00f4ts, dirig\u00e9e par Eric Lombard et l\u2019Anah, pr\u00e9sid\u00e9e par Nathalie\nAppere. Sur l\u2019ensemble, plus de 5 milliards d\u2019euros seront ainsi mobilis\u00e9s sur cinq ans. Ce plan est au service des territoires et de leurs\nhabitants pour leur donner les moyens de ma\u00eetriser leur destin, de faire du \u00ab\nsur-mesure \u00bb en fonction des besoins r\u00e9els.<\/p>\n\n\n\n<p>Ce plan engagera sa\nphase de pr\u00e9paration d\u00e8s le printemps 2018. Toutes les\nvilles signeront ainsi une convention cadre, puis des avenants, en fonction de\nla maturit\u00e9 de leur projet de redynamisation.<\/p>\n","protected":false},"excerpt":{"rendered":"<p>Jacques M\u00e9zard, Ministre de la Coh\u00e9sion des territoires, a annonc\u00e9 ce mardi 27 mars la liste des villes retenues dans le cadre du plan national \u00ab Action c\u0153ur de ville \u00bb. Parmi elles, Fontenay-le-Comte dont je me f\u00e9licite d\u2019avoir port\u00e9 le projet aupr\u00e8s du Minist\u00e8re, suite \u00e0 la sollicitation des \u00e9lus municipaux. La r\u00e9novation et [&hellip;]<\/p>\n","protected":false},"author":1,"featured_media":261,"comment_status":"closed","ping_status":"closed","sticky":false,"template":"","format":"standard","meta":{"inline_featured_image":false,"_uag_custom_page_level_css":"","footnotes":""},"categories":[5],"tags":[],"class_list":["post-259","post","type-post","status-publish","format-standard","has-post-thumbnail","hentry","category-communique-de-presse"],"uagb_featured_image_src":{"full":["https:\/\/pierrehenriet.fr\/wp-content\/uploads\/2021\/01\/coeur-de-ville-1920x1080-events-1_image_rte_3.png",465,262,false],"thumbnail":["https:\/\/pierrehenriet.fr\/wp-content\/uploads\/2021\/01\/coeur-de-ville-1920x1080-events-1_image_rte_3-150x150.png",150,150,true],"medium":["https:\/\/pierrehenriet.fr\/wp-content\/uploads\/2021\/01\/coeur-de-ville-1920x1080-events-1_image_rte_3-300x169.png",300,169,true],"medium_large":["https:\/\/pierrehenriet.fr\/wp-content\/uploads\/2021\/01\/coeur-de-ville-1920x1080-events-1_image_rte_3.png",465,262,false],"large":["https:\/\/pierrehenriet.fr\/wp-content\/uploads\/2021\/01\/coeur-de-ville-1920x1080-events-1_image_rte_3.png",465,262,false],"post-slider-thumb-size":["https:\/\/pierrehenriet.fr\/wp-content\/uploads\/2021\/01\/coeur-de-ville-1920x1080-events-1_image_rte_3-330x190.png",330,190,true],"post-category-slider-size":["https:\/\/pierrehenriet.fr\/wp-content\/uploads\/2021\/01\/coeur-de-ville-1920x1080-events-1_image_rte_3.png",330,186,false],"1536x1536":["https:\/\/pierrehenriet.fr\/wp-content\/uploads\/2021\/01\/coeur-de-ville-1920x1080-events-1_image_rte_3.png",465,262,false],"2048x2048":["https:\/\/pierrehenriet.fr\/wp-content\/uploads\/2021\/01\/coeur-de-ville-1920x1080-events-1_image_rte_3.png",465,262,false]},"uagb_author_info":{"display_name":"Pierre Henriet","author_link":"https:\/\/pierrehenriet.fr\/index.php\/author\/admin8155\/"},"uagb_comment_info":0,"uagb_excerpt":"Jacques M\u00e9zard, Ministre de la Coh\u00e9sion des territoires, a annonc\u00e9 ce mardi 27 mars la liste des villes retenues dans le cadre du plan national \u00ab Action c\u0153ur de ville \u00bb. Parmi elles, Fontenay-le-Comte dont je me f\u00e9licite d\u2019avoir port\u00e9 le projet aupr\u00e8s du Minist\u00e8re, suite \u00e0 la sollicitation des \u00e9lus municipaux. La r\u00e9novation et\u2026","_links":{"self":[{"href":"https:\/\/pierrehenriet.fr\/index.php\/wp-json\/wp\/v2\/posts\/259","targetHints":{"allow":["GET"]}}],"collection":[{"href":"https:\/\/pierrehenriet.fr\/index.php\/wp-json\/wp\/v2\/posts"}],"about":[{"href":"https:\/\/pierrehenriet.fr\/index.php\/wp-json\/wp\/v2\/types\/post"}],"author":[{"embeddable":true,"href":"https:\/\/pierrehenriet.fr\/index.php\/wp-json\/wp\/v2\/users\/1"}],"replies":[{"embeddable":true,"href":"https:\/\/pierrehenriet.fr\/index.php\/wp-json\/wp\/v2\/comments?post=259"}],"version-history":[{"count":1,"href":"https:\/\/pierrehenriet.fr\/index.php\/wp-json\/wp\/v2\/posts\/259\/revisions"}],"predecessor-version":[{"id":262,"href":"https:\/\/pierrehenriet.fr\/index.php\/wp-json\/wp\/v2\/posts\/259\/revisions\/262"}],"wp:featuredmedia":[{"embeddable":true,"href":"https:\/\/pierrehenriet.fr\/index.php\/wp-json\/wp\/v2\/media\/261"}],"wp:attachment":[{"href":"https:\/\/pierrehenriet.fr\/index.php\/wp-json\/wp\/v2\/media?parent=259"}],"wp:term":[{"taxonomy":"category","embeddable":true,"href":"https:\/\/pierrehenriet.fr\/index.php\/wp-json\/wp\/v2\/categories?post=259"},{"taxonomy":"post_tag","embeddable":true,"href":"https:\/\/pierrehenriet.fr\/index.php\/wp-json\/wp\/v2\/tags?post=259"}],"curies":[{"name":"wp","href":"https:\/\/api.w.org\/{rel}","templated":true}]}}