{"id":265,"date":"2018-11-23T10:59:36","date_gmt":"2018-11-23T09:59:36","guid":{"rendered":"http:\/\/pierrehenriet.fr\/?p=265"},"modified":"2021-01-21T11:02:45","modified_gmt":"2021-01-21T10:02:45","slug":"territoires-dindustrie-letat-sengage-pour-reindustrialiser-le-sud-vendee","status":"publish","type":"post","link":"https:\/\/pierrehenriet.fr\/index.php\/2018\/11\/23\/territoires-dindustrie-letat-sengage-pour-reindustrialiser-le-sud-vendee\/","title":{"rendered":"Territoires d\u2019industrie : l\u2019\u00c9tat s\u2019engage pour r\u00e9industrialiser le Sud-Vend\u00e9e"},"content":{"rendered":"\n<p>Parce que l\u2019industrie est source d\u2019innovation, d\u2019emploi, de\nsouverainet\u00e9\u0301 et de coh\u00e9sion pour chaque territoire, le Gouvernement a engag\u00e9,\ndepuis un an, une strat\u00e9gie d\u00e9termin\u00e9e de reconqu\u00eate industrielle autour du\nConseil National de l\u2019Industrie et de ses 18 fili\u00e8res industrielles.<\/p>\n\n\n\n<p>Cela arrive dans un contexte prometteur puisque, <strong>pour la premi\u00e8re fois depuis 10 ans, les\nentreprises recr\u00e9ent des emplois industriels en France<\/strong>. La confiance est\nrestaur\u00e9e, les investisseurs sont de retour. Cependant, rien n\u2019est jamais gagn\u00e9\n: nous devons poursuivre nos efforts, en particulier sur notre territoire o\u00f9 de\ntr\u00e8s belles perceptives restent \u00e0 inventer.<\/p>\n\n\n\n<p><strong>Pierre Henriet a\nparticuli\u00e8rement \u00e9t\u00e9 volontariste sur ce dossier <\/strong>puisque l\u2019initiative \u00ab Territoires d\u2019industrie \u00bb, pr\u00e9sent\u00e9e jeudi\n22 novembre 2018, a retenu les territoires des communaut\u00e9s de communes de <strong>La Ch\u00e2taigneraie, Fontenay-Vend\u00e9e,\nVend\u00e9e-S\u00e8vre-Autise, Pouzauges et les Herbiers<\/strong> <strong>dans un p\u00f4le inter-r\u00e9gional qui s\u2019\u00e9tend jusqu\u2019\u00e0 Cholet et Bressuire.<\/strong><\/p>\n\n\n\n<p>Pour profiter des opportunit\u00e9s du num\u00e9rique et de la transition\n\u00e9cologique. Pour r\u00e9v\u00e9ler nos champions cach\u00e9s. <strong>Pour r\u00e9pondre aux difficult\u00e9s de recrutement qui freinent la cr\u00e9ation\nd\u2019emplois dans notre secteur vend\u00e9en<\/strong>. Pour am\u00e9liorer l\u2019image et\nl\u2019attractivit\u00e9 de nos territoires.<\/p>\n\n\n\n<p>La d\u00e9marche de reconqu\u00eate industrielle sera donc territoriale,\navec un v\u00e9ritable <strong>changement de m\u00e9thode\nqui mettra notamment la r\u00e9gion Pays de la Loire et les intercommunalit\u00e9s au\nc\u0153ur du dispositif<\/strong>.<\/p>\n\n\n\n<p>Tr\u00e8s concr\u00e8tement, il s\u2019agit de r\u00e9pondre aux besoins des\nterritoires et ainsi l\u2019\u00c9tat apportera des soutiens partenariaux dans le cadre\nde besoins sp\u00e9cifiques comme l<strong>\u2019acc\u00e8s \u00e0\nInternet tr\u00e8s haut d\u00e9bit pour le territoire, l\u2019acc\u00e9l\u00e9ration de la couverture\nmobile, ou encore les appels \u00e0 projets du PIA r\u00e9gionalis\u00e9<\/strong> dont Pierre\nHenriet en a pr\u00e9sent\u00e9 les financements r\u00e9cemment lors de son rapport budg\u00e9taire\nsur le volet \u00ab&nbsp;Innovation&nbsp;\u00bb rattach\u00e9 au budget du Minist\u00e8re de\nl\u2019Enseignement sup\u00e9rieur et de la Recherche.<\/p>\n","protected":false},"excerpt":{"rendered":"<p>Parce que l\u2019industrie est source d\u2019innovation, d\u2019emploi, de souverainet\u00e9\u0301 et de coh\u00e9sion pour chaque territoire, le Gouvernement a engag\u00e9, depuis un an, une strat\u00e9gie d\u00e9termin\u00e9e de reconqu\u00eate industrielle autour du Conseil National de l\u2019Industrie et de ses 18 fili\u00e8res industrielles. Cela arrive dans un contexte prometteur puisque, pour la premi\u00e8re fois depuis 10 ans, les [&hellip;]<\/p>\n","protected":false},"author":1,"featured_media":266,"comment_status":"closed","ping_status":"closed","sticky":false,"template":"","format":"standard","meta":{"inline_featured_image":false,"_uag_custom_page_level_css":"","footnotes":""},"categories":[5],"tags":[],"class_list":["post-265","post","type-post","status-publish","format-standard","has-post-thumbnail","hentry","category-communique-de-presse"],"uagb_featured_image_src":{"full":["https:\/\/pierrehenriet.fr\/wp-content\/uploads\/2021\/01\/logo-territoire-industrie.png",1200,877,false],"thumbnail":["https:\/\/pierrehenriet.fr\/wp-content\/uploads\/2021\/01\/logo-territoire-industrie-150x150.png",150,150,true],"medium":["https:\/\/pierrehenriet.fr\/wp-content\/uploads\/2021\/01\/logo-territoire-industrie-300x219.png",300,219,true],"medium_large":["https:\/\/pierrehenriet.fr\/wp-content\/uploads\/2021\/01\/logo-territoire-industrie-768x561.png",768,561,true],"large":["https:\/\/pierrehenriet.fr\/wp-content\/uploads\/2021\/01\/logo-territoire-industrie-1024x748.png",1024,748,true],"post-slider-thumb-size":["https:\/\/pierrehenriet.fr\/wp-content\/uploads\/2021\/01\/logo-territoire-industrie-330x190.png",330,190,true],"post-category-slider-size":["https:\/\/pierrehenriet.fr\/wp-content\/uploads\/2021\/01\/logo-territoire-industrie.png",330,241,false],"1536x1536":["https:\/\/pierrehenriet.fr\/wp-content\/uploads\/2021\/01\/logo-territoire-industrie.png",1200,877,false],"2048x2048":["https:\/\/pierrehenriet.fr\/wp-content\/uploads\/2021\/01\/logo-territoire-industrie.png",1200,877,false]},"uagb_author_info":{"display_name":"Pierre Henriet","author_link":"https:\/\/pierrehenriet.fr\/index.php\/author\/admin8155\/"},"uagb_comment_info":0,"uagb_excerpt":"Parce que l\u2019industrie est source d\u2019innovation, d\u2019emploi, de souverainet\u00e9\u0301 et de coh\u00e9sion pour chaque territoire, le Gouvernement a engag\u00e9, depuis un an, une strat\u00e9gie d\u00e9termin\u00e9e de reconqu\u00eate industrielle autour du Conseil National de l\u2019Industrie et de ses 18 fili\u00e8res industrielles. Cela arrive dans un contexte prometteur puisque, pour la premi\u00e8re fois depuis 10 ans, les\u2026","_links":{"self":[{"href":"https:\/\/pierrehenriet.fr\/index.php\/wp-json\/wp\/v2\/posts\/265","targetHints":{"allow":["GET"]}}],"collection":[{"href":"https:\/\/pierrehenriet.fr\/index.php\/wp-json\/wp\/v2\/posts"}],"about":[{"href":"https:\/\/pierrehenriet.fr\/index.php\/wp-json\/wp\/v2\/types\/post"}],"author":[{"embeddable":true,"href":"https:\/\/pierrehenriet.fr\/index.php\/wp-json\/wp\/v2\/users\/1"}],"replies":[{"embeddable":true,"href":"https:\/\/pierrehenriet.fr\/index.php\/wp-json\/wp\/v2\/comments?post=265"}],"version-history":[{"count":1,"href":"https:\/\/pierrehenriet.fr\/index.php\/wp-json\/wp\/v2\/posts\/265\/revisions"}],"predecessor-version":[{"id":267,"href":"https:\/\/pierrehenriet.fr\/index.php\/wp-json\/wp\/v2\/posts\/265\/revisions\/267"}],"wp:featuredmedia":[{"embeddable":true,"href":"https:\/\/pierrehenriet.fr\/index.php\/wp-json\/wp\/v2\/media\/266"}],"wp:attachment":[{"href":"https:\/\/pierrehenriet.fr\/index.php\/wp-json\/wp\/v2\/media?parent=265"}],"wp:term":[{"taxonomy":"category","embeddable":true,"href":"https:\/\/pierrehenriet.fr\/index.php\/wp-json\/wp\/v2\/categories?post=265"},{"taxonomy":"post_tag","embeddable":true,"href":"https:\/\/pierrehenriet.fr\/index.php\/wp-json\/wp\/v2\/tags?post=265"}],"curies":[{"name":"wp","href":"https:\/\/api.w.org\/{rel}","templated":true}]}}