{"id":276,"date":"2019-03-22T11:09:39","date_gmt":"2019-03-22T10:09:39","guid":{"rendered":"http:\/\/pierrehenriet.fr\/?p=276"},"modified":"2021-01-21T11:13:05","modified_gmt":"2021-01-21T10:13:05","slug":"couverture-numerique-des-territoires-la-vendee-se-dote-de-nouvelles-installations","status":"publish","type":"post","link":"https:\/\/pierrehenriet.fr\/index.php\/2019\/03\/22\/couverture-numerique-des-territoires-la-vendee-se-dote-de-nouvelles-installations\/","title":{"rendered":"Couverture num\u00e9rique des territoires : la Vend\u00e9e se dote de nouvelles installations"},"content":{"rendered":"\n<p>Aujourd\u2019hui, le Premier\nministre pr\u00e9sentait son plan de couverture num\u00e9rique des territoires. Il a annonc\u00e9\nde nouvelles d\u00e9cisions, dans la perspective de l\u2019objectif pr\u00e9sidentiel de\ncouverture totale en haut d\u00e9bit fixe en 2020, de couverture mobile de qualit\u00e9\nen 2020 et de couverture totale tr\u00e8s haut d\u00e9bit fixe en 2022.<\/p>\n\n\n\n<p>Pierre HENRIET, d\u00e9put\u00e9\nde la Vend\u00e9e, a d\u00e9fendu l\u2019installation d\u2019\u00e9quipements dans le Sud-Vend\u00e9e et sur\nl\u2019ensemble du d\u00e9partement&nbsp;; c\u2019est ainsi un engagement qui se portera \u00e0 28 millions\nd\u2019euros pour les projets de d\u00e9ploiement des r\u00e9seaux internet fixe sur\nl\u2019ensemble de la Vend\u00e9e.<\/p>\n\n\n\n<p>En outre, la localisation de 207 pyl\u00f4nes 4G sur tout le territoire national pr\u00e9vus par le New Deal mobile, un pyl\u00f4ne 4G sera destin\u00e9 au Sud-Vend\u00e9e pour couvrir les zones de La Taill\u00e9e, du Gu\u00e9-de-Velluire et de Vouill\u00e9-les-Marais et seront construits dans un d\u00e9lai de 12 \u00e0 24 mois.<\/p>\n\n\n\n<p>Pierre HENRIET se\nf\u00e9licite de cette annonce qui permettra de renforcer l\u2019offre 4G sur le\nterritoire, et ainsi poursuivre l\u2019implantation d\u2019\u00e9quipements qui permettront\nd\u2019attirer des entreprises comme des particuliers.<\/p>\n","protected":false},"excerpt":{"rendered":"<p>Aujourd\u2019hui, le Premier ministre pr\u00e9sentait son plan de couverture num\u00e9rique des territoires. Il a annonc\u00e9 de nouvelles d\u00e9cisions, dans la perspective de l\u2019objectif pr\u00e9sidentiel de couverture totale en haut d\u00e9bit fixe en 2020, de couverture mobile de qualit\u00e9 en 2020 et de couverture totale tr\u00e8s haut d\u00e9bit fixe en 2022. Pierre HENRIET, d\u00e9put\u00e9 de la [&hellip;]<\/p>\n","protected":false},"author":1,"featured_media":277,"comment_status":"closed","ping_status":"closed","sticky":false,"template":"","format":"standard","meta":{"inline_featured_image":false,"_uag_custom_page_level_css":"","footnotes":""},"categories":[5],"tags":[],"class_list":["post-276","post","type-post","status-publish","format-standard","has-post-thumbnail","hentry","category-communique-de-presse"],"uagb_featured_image_src":{"full":["https:\/\/pierrehenriet.fr\/wp-content\/uploads\/2021\/01\/Ekx8f1OWAAE48w6.png",2048,1364,false],"thumbnail":["https:\/\/pierrehenriet.fr\/wp-content\/uploads\/2021\/01\/Ekx8f1OWAAE48w6-150x150.png",150,150,true],"medium":["https:\/\/pierrehenriet.fr\/wp-content\/uploads\/2021\/01\/Ekx8f1OWAAE48w6-300x200.png",300,200,true],"medium_large":["https:\/\/pierrehenriet.fr\/wp-content\/uploads\/2021\/01\/Ekx8f1OWAAE48w6-768x512.png",768,512,true],"large":["https:\/\/pierrehenriet.fr\/wp-content\/uploads\/2021\/01\/Ekx8f1OWAAE48w6-1024x682.png",1024,682,true],"post-slider-thumb-size":["https:\/\/pierrehenriet.fr\/wp-content\/uploads\/2021\/01\/Ekx8f1OWAAE48w6-330x190.png",330,190,true],"post-category-slider-size":["https:\/\/pierrehenriet.fr\/wp-content\/uploads\/2021\/01\/Ekx8f1OWAAE48w6.png",330,220,false],"1536x1536":["https:\/\/pierrehenriet.fr\/wp-content\/uploads\/2021\/01\/Ekx8f1OWAAE48w6.png",1536,1023,false],"2048x2048":["https:\/\/pierrehenriet.fr\/wp-content\/uploads\/2021\/01\/Ekx8f1OWAAE48w6.png",2048,1364,false]},"uagb_author_info":{"display_name":"Pierre Henriet","author_link":"https:\/\/pierrehenriet.fr\/index.php\/author\/admin8155\/"},"uagb_comment_info":0,"uagb_excerpt":"Aujourd\u2019hui, le Premier ministre pr\u00e9sentait son plan de couverture num\u00e9rique des territoires. Il a annonc\u00e9 de nouvelles d\u00e9cisions, dans la perspective de l\u2019objectif pr\u00e9sidentiel de couverture totale en haut d\u00e9bit fixe en 2020, de couverture mobile de qualit\u00e9 en 2020 et de couverture totale tr\u00e8s haut d\u00e9bit fixe en 2022. Pierre HENRIET, d\u00e9put\u00e9 de la\u2026","_links":{"self":[{"href":"https:\/\/pierrehenriet.fr\/index.php\/wp-json\/wp\/v2\/posts\/276","targetHints":{"allow":["GET"]}}],"collection":[{"href":"https:\/\/pierrehenriet.fr\/index.php\/wp-json\/wp\/v2\/posts"}],"about":[{"href":"https:\/\/pierrehenriet.fr\/index.php\/wp-json\/wp\/v2\/types\/post"}],"author":[{"embeddable":true,"href":"https:\/\/pierrehenriet.fr\/index.php\/wp-json\/wp\/v2\/users\/1"}],"replies":[{"embeddable":true,"href":"https:\/\/pierrehenriet.fr\/index.php\/wp-json\/wp\/v2\/comments?post=276"}],"version-history":[{"count":1,"href":"https:\/\/pierrehenriet.fr\/index.php\/wp-json\/wp\/v2\/posts\/276\/revisions"}],"predecessor-version":[{"id":278,"href":"https:\/\/pierrehenriet.fr\/index.php\/wp-json\/wp\/v2\/posts\/276\/revisions\/278"}],"wp:featuredmedia":[{"embeddable":true,"href":"https:\/\/pierrehenriet.fr\/index.php\/wp-json\/wp\/v2\/media\/277"}],"wp:attachment":[{"href":"https:\/\/pierrehenriet.fr\/index.php\/wp-json\/wp\/v2\/media?parent=276"}],"wp:term":[{"taxonomy":"category","embeddable":true,"href":"https:\/\/pierrehenriet.fr\/index.php\/wp-json\/wp\/v2\/categories?post=276"},{"taxonomy":"post_tag","embeddable":true,"href":"https:\/\/pierrehenriet.fr\/index.php\/wp-json\/wp\/v2\/tags?post=276"}],"curies":[{"name":"wp","href":"https:\/\/api.w.org\/{rel}","templated":true}]}}