{"id":279,"date":"2019-04-24T11:13:35","date_gmt":"2019-04-24T09:13:35","guid":{"rendered":"http:\/\/pierrehenriet.fr\/?p=279"},"modified":"2021-01-21T11:14:37","modified_gmt":"2021-01-21T10:14:37","slug":"lagence-nationale-pour-la-renovation-urbaine-anru-en-appui-au-quartier-des-moulins-liot","status":"publish","type":"post","link":"https:\/\/pierrehenriet.fr\/index.php\/2019\/04\/24\/lagence-nationale-pour-la-renovation-urbaine-anru-en-appui-au-quartier-des-moulins-liot\/","title":{"rendered":"L\u2019Agence nationale pour la R\u00e9novation Urbaine (ANRU) en appui au quartier des Moulins-Liot"},"content":{"rendered":"\n<p>En\nseptembre 2018, le Minist\u00e8re de la Coh\u00e9sion des territoires pr\u00e9sentait le nouveau\nprogramme national de r\u00e9novation urbaine (NPNRU) pour la transformation des\nquartiers, l\u2019am\u00e9lioration du cadre de vie et la promotion de la mixit\u00e9 sociale.\nLe quartier des Moulins-Liot de Fontenay-le-Comte \u00e9tait dans l\u2019op\u00e9ration de renouvellement.<\/p>\n\n\n\n<p>En\nfin d\u2019ann\u00e9e 2018, lors du vote du budget \u00e0 l\u2019Assembl\u00e9e nationale, les\nparlementaires de la majorit\u00e9 ont valid\u00e9 le <strong>doublement du financement de ce programme<\/strong> NPNRU soit 10 milliards\nd&rsquo;euros de subventions et 40 milliards d&rsquo;euros d&rsquo;investissement au total sur la\np\u00e9riode 2019-2031 (article 74 du projet de loi de finances pour 2019).<\/p>\n\n\n\n<p>Aujourd\u2019hui,\nl\u2019Agence nationale pour la R\u00e9novation Urbaine (ANRU) assure la mise en \u0153uvre et\nle financement de ce programme. <strong>Elle vient\nd\u2019accorder 4,5 millions d\u2019euros suppl\u00e9mentaires pour le projet de\ntransformation du quartier des Moulins-Liot.<\/strong><\/p>\n\n\n\n<p>Pierre\nHENRIET, d\u00e9put\u00e9 de la Vend\u00e9e, tient \u00e0 saluer&nbsp;<em>\u00ab&nbsp;l\u2019augmentation par deux du programme vot\u00e9 \u00e0 l\u2019Assembl\u00e9e et en cons\u00e9quence\ncette dotation suppl\u00e9mentaire de 4,5 millions d\u2019euros pour la r\u00e9habilitation\ndes logements du quartier des Moulins-Liot, avec des \u00e9quipements de qualit\u00e9\npour chaque habitant et un quartier r\u00e9sidentiel plus attractif de nature \u00e0\nvaloriser durablement la capitale du Sud-Vend\u00e9e. \u00bb<\/em><\/p>\n","protected":false},"excerpt":{"rendered":"<p>En septembre 2018, le Minist\u00e8re de la Coh\u00e9sion des territoires pr\u00e9sentait le nouveau programme national de r\u00e9novation urbaine (NPNRU) pour la transformation des quartiers, l\u2019am\u00e9lioration du cadre de vie et la promotion de la mixit\u00e9 sociale. Le quartier des Moulins-Liot de Fontenay-le-Comte \u00e9tait dans l\u2019op\u00e9ration de renouvellement. En fin d\u2019ann\u00e9e 2018, lors du vote du [&hellip;]<\/p>\n","protected":false},"author":1,"featured_media":280,"comment_status":"closed","ping_status":"closed","sticky":false,"template":"","format":"standard","meta":{"inline_featured_image":false,"_uag_custom_page_level_css":"","footnotes":""},"categories":[5],"tags":[],"class_list":["post-279","post","type-post","status-publish","format-standard","has-post-thumbnail","hentry","category-communique-de-presse"],"uagb_featured_image_src":{"full":["https:\/\/pierrehenriet.fr\/wp-content\/uploads\/2021\/01\/communication_fontenay-le-comte_moulins-liot_prir-750x422.jpg",750,422,false],"thumbnail":["https:\/\/pierrehenriet.fr\/wp-content\/uploads\/2021\/01\/communication_fontenay-le-comte_moulins-liot_prir-750x422-150x150.jpg",150,150,true],"medium":["https:\/\/pierrehenriet.fr\/wp-content\/uploads\/2021\/01\/communication_fontenay-le-comte_moulins-liot_prir-750x422-300x169.jpg",300,169,true],"medium_large":["https:\/\/pierrehenriet.fr\/wp-content\/uploads\/2021\/01\/communication_fontenay-le-comte_moulins-liot_prir-750x422.jpg",750,422,false],"large":["https:\/\/pierrehenriet.fr\/wp-content\/uploads\/2021\/01\/communication_fontenay-le-comte_moulins-liot_prir-750x422.jpg",750,422,false],"post-slider-thumb-size":["https:\/\/pierrehenriet.fr\/wp-content\/uploads\/2021\/01\/communication_fontenay-le-comte_moulins-liot_prir-750x422-330x190.jpg",330,190,true],"post-category-slider-size":["https:\/\/pierrehenriet.fr\/wp-content\/uploads\/2021\/01\/communication_fontenay-le-comte_moulins-liot_prir-750x422.jpg",330,186,false],"1536x1536":["https:\/\/pierrehenriet.fr\/wp-content\/uploads\/2021\/01\/communication_fontenay-le-comte_moulins-liot_prir-750x422.jpg",750,422,false],"2048x2048":["https:\/\/pierrehenriet.fr\/wp-content\/uploads\/2021\/01\/communication_fontenay-le-comte_moulins-liot_prir-750x422.jpg",750,422,false]},"uagb_author_info":{"display_name":"Pierre Henriet","author_link":"https:\/\/pierrehenriet.fr\/index.php\/author\/admin8155\/"},"uagb_comment_info":0,"uagb_excerpt":"En septembre 2018, le Minist\u00e8re de la Coh\u00e9sion des territoires pr\u00e9sentait le nouveau programme national de r\u00e9novation urbaine (NPNRU) pour la transformation des quartiers, l\u2019am\u00e9lioration du cadre de vie et la promotion de la mixit\u00e9 sociale. Le quartier des Moulins-Liot de Fontenay-le-Comte \u00e9tait dans l\u2019op\u00e9ration de renouvellement. En fin d\u2019ann\u00e9e 2018, lors du vote du\u2026","_links":{"self":[{"href":"https:\/\/pierrehenriet.fr\/index.php\/wp-json\/wp\/v2\/posts\/279","targetHints":{"allow":["GET"]}}],"collection":[{"href":"https:\/\/pierrehenriet.fr\/index.php\/wp-json\/wp\/v2\/posts"}],"about":[{"href":"https:\/\/pierrehenriet.fr\/index.php\/wp-json\/wp\/v2\/types\/post"}],"author":[{"embeddable":true,"href":"https:\/\/pierrehenriet.fr\/index.php\/wp-json\/wp\/v2\/users\/1"}],"replies":[{"embeddable":true,"href":"https:\/\/pierrehenriet.fr\/index.php\/wp-json\/wp\/v2\/comments?post=279"}],"version-history":[{"count":1,"href":"https:\/\/pierrehenriet.fr\/index.php\/wp-json\/wp\/v2\/posts\/279\/revisions"}],"predecessor-version":[{"id":281,"href":"https:\/\/pierrehenriet.fr\/index.php\/wp-json\/wp\/v2\/posts\/279\/revisions\/281"}],"wp:featuredmedia":[{"embeddable":true,"href":"https:\/\/pierrehenriet.fr\/index.php\/wp-json\/wp\/v2\/media\/280"}],"wp:attachment":[{"href":"https:\/\/pierrehenriet.fr\/index.php\/wp-json\/wp\/v2\/media?parent=279"}],"wp:term":[{"taxonomy":"category","embeddable":true,"href":"https:\/\/pierrehenriet.fr\/index.php\/wp-json\/wp\/v2\/categories?post=279"},{"taxonomy":"post_tag","embeddable":true,"href":"https:\/\/pierrehenriet.fr\/index.php\/wp-json\/wp\/v2\/tags?post=279"}],"curies":[{"name":"wp","href":"https:\/\/api.w.org\/{rel}","templated":true}]}}