{"id":285,"date":"2019-06-27T11:17:31","date_gmt":"2019-06-27T09:17:31","guid":{"rendered":"http:\/\/pierrehenriet.fr\/?p=285"},"modified":"2021-01-21T11:21:58","modified_gmt":"2021-01-21T10:21:58","slug":"memorial-vendeen-de-la-deportation-et-de-la-resistance-les-anciens-combattants-et-le-depute-reagissent","status":"publish","type":"post","link":"https:\/\/pierrehenriet.fr\/index.php\/2019\/06\/27\/memorial-vendeen-de-la-deportation-et-de-la-resistance-les-anciens-combattants-et-le-depute-reagissent\/","title":{"rendered":"M\u00e9morial vend\u00e9en de la D\u00e9portation et de la R\u00e9sistance : les Anciens combattants et le d\u00e9put\u00e9 r\u00e9agissent"},"content":{"rendered":"\n<p>Depuis\njanvier 2018, le service d\u00e9partemental de l\u2019ONAC a pris en charge le projet des\nassociations des Anciens combattants de Vend\u00e9e, encourag\u00e9 par la Pr\u00e9fecture de la Vend\u00e9e, de cr\u00e9er un\n<strong>\u00ab&nbsp;M\u00e9morial Vend\u00e9en de la\nD\u00e9portation et de la R\u00e9sistance \u00bb&nbsp;<\/strong>\u00e0 Fontenay-le-Comte.<\/p>\n\n\n\n<p>Apr\u00e8s plus d\u2019une ann\u00e9e de <strong>travail\nintensif consacr\u00e9 \u00e0 la recherche de l\u2019immeuble adapt\u00e9 au projet et \u00e0 l\u2019accueil\ndu public<\/strong>, \u00e0 la mise en place des financements de l\u2019acquisition\nimmobili\u00e8re, \u00e0 la r\u00e9flexion sur les conditions de fonctionnement et apr\u00e8s avoir\npes\u00e9 les avantages et inconv\u00e9nients des hypoth\u00e8ses envisag\u00e9es, le projet abouti\na \u00e9t\u00e9 pr\u00e9sent\u00e9 \u00e0 l\u2019ensemble des intervenants et un rapport de faisabilit\u00e9 a \u00e9t\u00e9\nadress\u00e9 au Pr\u00e9fet. Le choix de la maison Louis XIV qui s\u2019est fait apr\u00e8s la\nvisite d\u2019autres lieux propos\u00e9s par la Municipalit\u00e9, r\u00e9pond aux exigences d\u2019un\nminimum d\u2019investissement pr\u00e9alable \u00e0 l\u2019ouverture du M\u00e9morial.<\/p>\n\n\n\n<p>Contrairement aux assurances de soutien donn\u00e9es en octobre 2018, le\nMaire, Jean-Michel LAL\u00c8RE vient de refuser la proposition de l\u2019ONAC issue de la\nconcertation, comme l\u2019indique son communiqu\u00e9 (Ouest-France du mercredi 19 juin\n2019). \u00c0 l\u2019encontre des \u00e9tudes et comparatifs, Monsieur le Maire pr\u00e9sente\nd\u2019autres <strong>propositions d\u00e9j\u00e0 analys\u00e9es\nqui, en l\u2019\u00e9tat, menacent gravement le projet.<\/strong><\/p>\n\n\n\n<h3 class=\"wp-block-heading\">Messieurs Armand\nFORT, Pr\u00e9sident de l&rsquo;UDAC Vend\u00e9e, Michel LEBOEUF, Pr\u00e9sident de l&rsquo;UNC Vend\u00e9e et Pierre HENRIET, D\u00e9put\u00e9 de\nla Vend\u00e9e,&nbsp;s\u2019\u00e9l\u00e8vent\nsolennellement contre ce qui constitue un blocage de la dynamique enclench\u00e9e en\njanvier 2018. Les financements de l\u2019\u00c9tat,\ndu Conseil d\u00e9partemental et de la Communaut\u00e9 de Communes confortent\nl\u2019engagement collectif au service du devoir de m\u00e9moire et la place de la ville\nde Fontenay-le-Comte, ville du C.M.F.P. Ils tiennent \u00e0 pr\u00e9ciser que le cadre\njuridique li\u00e9 \u00e0 l\u2019attribution des fonds d\u2019\u00c9tat et l\u2019impossibilit\u00e9 pour l\u2019ONAC\nde devenir propri\u00e9taire d\u2019un \u00e9quipement structurant de proximit\u00e9 exige\nl\u2019engagement de la ville.<\/h3>\n\n\n\n<p>Le revirement du maire de Fontenay-le-Comte <strong>apr\u00e8s 18 mois de travail partag\u00e9<\/strong>, outre qu\u2019il n\u00e9glige une action de\nnature \u00e0 valoriser durablement la rue des Loges et le centre-ville ainsi qu\u2019\u00e0\nfaire rayonner le Sud-Vend\u00e9e, est une d\u00e9claration de principe contre le devoir\nde m\u00e9moire.<\/p>\n","protected":false},"excerpt":{"rendered":"<p>Depuis janvier 2018, le service d\u00e9partemental de l\u2019ONAC a pris en charge le projet des associations des Anciens combattants de Vend\u00e9e, encourag\u00e9 par la Pr\u00e9fecture de la Vend\u00e9e, de cr\u00e9er un \u00ab&nbsp;M\u00e9morial Vend\u00e9en de la D\u00e9portation et de la R\u00e9sistance \u00bb&nbsp;\u00e0 Fontenay-le-Comte. Apr\u00e8s plus d\u2019une ann\u00e9e de travail intensif consacr\u00e9 \u00e0 la recherche de l\u2019immeuble [&hellip;]<\/p>\n","protected":false},"author":1,"featured_media":286,"comment_status":"closed","ping_status":"closed","sticky":false,"template":"","format":"standard","meta":{"inline_featured_image":false,"_uag_custom_page_level_css":"","footnotes":""},"categories":[5],"tags":[],"class_list":["post-285","post","type-post","status-publish","format-standard","has-post-thumbnail","hentry","category-communique-de-presse"],"uagb_featured_image_src":{"full":["https:\/\/pierrehenriet.fr\/wp-content\/uploads\/2021\/01\/69687883_10220044884770223_220620040360165376_n.jpg",960,720,false],"thumbnail":["https:\/\/pierrehenriet.fr\/wp-content\/uploads\/2021\/01\/69687883_10220044884770223_220620040360165376_n-150x150.jpg",150,150,true],"medium":["https:\/\/pierrehenriet.fr\/wp-content\/uploads\/2021\/01\/69687883_10220044884770223_220620040360165376_n-300x225.jpg",300,225,true],"medium_large":["https:\/\/pierrehenriet.fr\/wp-content\/uploads\/2021\/01\/69687883_10220044884770223_220620040360165376_n-768x576.jpg",768,576,true],"large":["https:\/\/pierrehenriet.fr\/wp-content\/uploads\/2021\/01\/69687883_10220044884770223_220620040360165376_n.jpg",960,720,false],"post-slider-thumb-size":["https:\/\/pierrehenriet.fr\/wp-content\/uploads\/2021\/01\/69687883_10220044884770223_220620040360165376_n-330x190.jpg",330,190,true],"post-category-slider-size":["https:\/\/pierrehenriet.fr\/wp-content\/uploads\/2021\/01\/69687883_10220044884770223_220620040360165376_n.jpg",330,248,false],"1536x1536":["https:\/\/pierrehenriet.fr\/wp-content\/uploads\/2021\/01\/69687883_10220044884770223_220620040360165376_n.jpg",960,720,false],"2048x2048":["https:\/\/pierrehenriet.fr\/wp-content\/uploads\/2021\/01\/69687883_10220044884770223_220620040360165376_n.jpg",960,720,false]},"uagb_author_info":{"display_name":"Pierre Henriet","author_link":"https:\/\/pierrehenriet.fr\/index.php\/author\/admin8155\/"},"uagb_comment_info":0,"uagb_excerpt":"Depuis janvier 2018, le service d\u00e9partemental de l\u2019ONAC a pris en charge le projet des associations des Anciens combattants de Vend\u00e9e, encourag\u00e9 par la Pr\u00e9fecture de la Vend\u00e9e, de cr\u00e9er un \u00ab&nbsp;M\u00e9morial Vend\u00e9en de la D\u00e9portation et de la R\u00e9sistance \u00bb&nbsp;\u00e0 Fontenay-le-Comte. Apr\u00e8s plus d\u2019une ann\u00e9e de travail intensif consacr\u00e9 \u00e0 la recherche de l\u2019immeuble\u2026","_links":{"self":[{"href":"https:\/\/pierrehenriet.fr\/index.php\/wp-json\/wp\/v2\/posts\/285","targetHints":{"allow":["GET"]}}],"collection":[{"href":"https:\/\/pierrehenriet.fr\/index.php\/wp-json\/wp\/v2\/posts"}],"about":[{"href":"https:\/\/pierrehenriet.fr\/index.php\/wp-json\/wp\/v2\/types\/post"}],"author":[{"embeddable":true,"href":"https:\/\/pierrehenriet.fr\/index.php\/wp-json\/wp\/v2\/users\/1"}],"replies":[{"embeddable":true,"href":"https:\/\/pierrehenriet.fr\/index.php\/wp-json\/wp\/v2\/comments?post=285"}],"version-history":[{"count":1,"href":"https:\/\/pierrehenriet.fr\/index.php\/wp-json\/wp\/v2\/posts\/285\/revisions"}],"predecessor-version":[{"id":287,"href":"https:\/\/pierrehenriet.fr\/index.php\/wp-json\/wp\/v2\/posts\/285\/revisions\/287"}],"wp:featuredmedia":[{"embeddable":true,"href":"https:\/\/pierrehenriet.fr\/index.php\/wp-json\/wp\/v2\/media\/286"}],"wp:attachment":[{"href":"https:\/\/pierrehenriet.fr\/index.php\/wp-json\/wp\/v2\/media?parent=285"}],"wp:term":[{"taxonomy":"category","embeddable":true,"href":"https:\/\/pierrehenriet.fr\/index.php\/wp-json\/wp\/v2\/categories?post=285"},{"taxonomy":"post_tag","embeddable":true,"href":"https:\/\/pierrehenriet.fr\/index.php\/wp-json\/wp\/v2\/tags?post=285"}],"curies":[{"name":"wp","href":"https:\/\/api.w.org\/{rel}","templated":true}]}}