{"id":291,"date":"2019-07-23T11:25:35","date_gmt":"2019-07-23T09:25:35","guid":{"rendered":"http:\/\/pierrehenriet.fr\/?p=291"},"modified":"2021-01-21T11:26:38","modified_gmt":"2021-01-21T10:26:38","slug":"pierre-henriet-depute-de-la-vendee-na-pas-vote-pour-le-ceta","status":"publish","type":"post","link":"https:\/\/pierrehenriet.fr\/index.php\/2019\/07\/23\/pierre-henriet-depute-de-la-vendee-na-pas-vote-pour-le-ceta\/","title":{"rendered":"Pierre HENRIET, D\u00e9put\u00e9 de la Vend\u00e9e, n\u2019a pas vot\u00e9 pour le CETA"},"content":{"rendered":"\n<p>Ce mardi 23\njuillet 2019 avait lieu le vote solennel sur le projet de loi autorisant la\nratification de l\u2019accord \u00e9conomique et commercial global \u2013 ou CETA en anglais \u2013\nentre l\u2019Union europ\u00e9enne et ses \u00c9tats membres, d\u2019une part, et le Canada,\nd\u2019autre part, et de l\u2019accord de partenariat strat\u00e9gique.<\/p>\n\n\n\n<p>Pierre\nHenriet, D\u00e9put\u00e9 de la Vend\u00e9e, n\u2019a pas vot\u00e9 pour le CETA. Il estime que toutes\nles conditions ne sont pas r\u00e9unies pour s\u2019assurer d\u2019un partenariat \u00e9quitable,\nen particulier pour le secteur agricole&nbsp;:<\/p>\n\n\n\n<p>\u00ab&nbsp;<em>Il y a de r\u00e9elles inqui\u00e9tudes concernant la\nfili\u00e8re bovine fran\u00e7aise avec l\u2019utilisation outre-Atlantique de farines\nanimales et d&rsquo;antibiotiques comme activateurs de croissance. On va cr\u00e9er une\nconcurrence d\u00e9loyale avec des r\u00e8gles qui ne sont pas les m\u00eames pour les\n\u00e9leveurs fran\u00e7ais.<\/em><\/p>\n\n\n\n<p><em>Il y a un deuxi\u00e8me point qui interroge, c\u2019est le veto\nclimatique qui n&rsquo;a pas \u00e9t\u00e9 mis en place. Il n&rsquo;y aura aucune possibilit\u00e9 de\nlimiter ou d&rsquo;interdire les \u00e9changes commerciaux qui auront un impact\nenvironnemental important, notamment lorsqu\u2019il existe des produits disponibles\nlocalement qui n&rsquo;ont pas n\u00e9cessit\u00e9 \u00e0 \u00eatre import\u00e9s.&nbsp;De plus, la demande\ntend de plus en plus \u00e0 valoriser les fili\u00e8res en circuit court afin d\u2019am\u00e9liorer\nla r\u00e9mun\u00e9ration des producteurs et de favoriser la transparence dans l\u2019origine\ndes produits. <\/em>\u00bb<\/p>\n\n\n\n<p>Pour autant,\nPierre Henriet tient \u00e0 souligner le travail important men\u00e9 par les d\u00e9put\u00e9s qui\na permis d\u2019obtenir un suivi particuli\u00e8rement fin et in\u00e9dit des effets du CETA,\nau niveau macro\u00e9conomique comme au niveau des fili\u00e8res. Ce suivi permettra de\nmettre en perspective un bilan de cet accord pour sensibiliser davantage les\neffets <em>a posteriori<\/em> lors des\nprochains d\u00e9bats sur des accords similaires.<\/p>\n\n\n\n<p>En mati\u00e8re\nenvironnementale, les simulations du CEPII d\u00e9montrent un impact quasi-nul du\nCETA. Par ailleurs, l\u2019article 24.4 impose explicitement le respect des\nobligations souscrites par le Canada et l\u2019UE dans les accords environnementaux\nmultilat\u00e9raux, dont l\u2019Accord de Paris.<\/p>\n","protected":false},"excerpt":{"rendered":"<p>Ce mardi 23 juillet 2019 avait lieu le vote solennel sur le projet de loi autorisant la ratification de l\u2019accord \u00e9conomique et commercial global \u2013 ou CETA en anglais \u2013 entre l\u2019Union europ\u00e9enne et ses \u00c9tats membres, d\u2019une part, et le Canada, d\u2019autre part, et de l\u2019accord de partenariat strat\u00e9gique. Pierre Henriet, D\u00e9put\u00e9 de la [&hellip;]<\/p>\n","protected":false},"author":1,"featured_media":292,"comment_status":"closed","ping_status":"closed","sticky":false,"template":"","format":"standard","meta":{"inline_featured_image":false,"_uag_custom_page_level_css":"","footnotes":""},"categories":[5],"tags":[],"class_list":["post-291","post","type-post","status-publish","format-standard","has-post-thumbnail","hentry","category-communique-de-presse"],"uagb_featured_image_src":{"full":["https:\/\/pierrehenriet.fr\/wp-content\/uploads\/2021\/01\/CETA-un-an-bilan-4e35009b99.jpg",760,507,false],"thumbnail":["https:\/\/pierrehenriet.fr\/wp-content\/uploads\/2021\/01\/CETA-un-an-bilan-4e35009b99-150x150.jpg",150,150,true],"medium":["https:\/\/pierrehenriet.fr\/wp-content\/uploads\/2021\/01\/CETA-un-an-bilan-4e35009b99-300x200.jpg",300,200,true],"medium_large":["https:\/\/pierrehenriet.fr\/wp-content\/uploads\/2021\/01\/CETA-un-an-bilan-4e35009b99.jpg",760,507,false],"large":["https:\/\/pierrehenriet.fr\/wp-content\/uploads\/2021\/01\/CETA-un-an-bilan-4e35009b99.jpg",760,507,false],"post-slider-thumb-size":["https:\/\/pierrehenriet.fr\/wp-content\/uploads\/2021\/01\/CETA-un-an-bilan-4e35009b99-330x190.jpg",330,190,true],"post-category-slider-size":["https:\/\/pierrehenriet.fr\/wp-content\/uploads\/2021\/01\/CETA-un-an-bilan-4e35009b99.jpg",330,220,false],"1536x1536":["https:\/\/pierrehenriet.fr\/wp-content\/uploads\/2021\/01\/CETA-un-an-bilan-4e35009b99.jpg",760,507,false],"2048x2048":["https:\/\/pierrehenriet.fr\/wp-content\/uploads\/2021\/01\/CETA-un-an-bilan-4e35009b99.jpg",760,507,false]},"uagb_author_info":{"display_name":"Pierre Henriet","author_link":"https:\/\/pierrehenriet.fr\/index.php\/author\/admin8155\/"},"uagb_comment_info":0,"uagb_excerpt":"Ce mardi 23 juillet 2019 avait lieu le vote solennel sur le projet de loi autorisant la ratification de l\u2019accord \u00e9conomique et commercial global \u2013 ou CETA en anglais \u2013 entre l\u2019Union europ\u00e9enne et ses \u00c9tats membres, d\u2019une part, et le Canada, d\u2019autre part, et de l\u2019accord de partenariat strat\u00e9gique. Pierre Henriet, D\u00e9put\u00e9 de la\u2026","_links":{"self":[{"href":"https:\/\/pierrehenriet.fr\/index.php\/wp-json\/wp\/v2\/posts\/291","targetHints":{"allow":["GET"]}}],"collection":[{"href":"https:\/\/pierrehenriet.fr\/index.php\/wp-json\/wp\/v2\/posts"}],"about":[{"href":"https:\/\/pierrehenriet.fr\/index.php\/wp-json\/wp\/v2\/types\/post"}],"author":[{"embeddable":true,"href":"https:\/\/pierrehenriet.fr\/index.php\/wp-json\/wp\/v2\/users\/1"}],"replies":[{"embeddable":true,"href":"https:\/\/pierrehenriet.fr\/index.php\/wp-json\/wp\/v2\/comments?post=291"}],"version-history":[{"count":1,"href":"https:\/\/pierrehenriet.fr\/index.php\/wp-json\/wp\/v2\/posts\/291\/revisions"}],"predecessor-version":[{"id":293,"href":"https:\/\/pierrehenriet.fr\/index.php\/wp-json\/wp\/v2\/posts\/291\/revisions\/293"}],"wp:featuredmedia":[{"embeddable":true,"href":"https:\/\/pierrehenriet.fr\/index.php\/wp-json\/wp\/v2\/media\/292"}],"wp:attachment":[{"href":"https:\/\/pierrehenriet.fr\/index.php\/wp-json\/wp\/v2\/media?parent=291"}],"wp:term":[{"taxonomy":"category","embeddable":true,"href":"https:\/\/pierrehenriet.fr\/index.php\/wp-json\/wp\/v2\/categories?post=291"},{"taxonomy":"post_tag","embeddable":true,"href":"https:\/\/pierrehenriet.fr\/index.php\/wp-json\/wp\/v2\/tags?post=291"}],"curies":[{"name":"wp","href":"https:\/\/api.w.org\/{rel}","templated":true}]}}