{"id":299,"date":"2019-11-15T11:31:06","date_gmt":"2019-11-15T10:31:06","guid":{"rendered":"http:\/\/pierrehenriet.fr\/?p=299"},"modified":"2021-01-21T11:32:14","modified_gmt":"2021-01-21T10:32:14","slug":"plus-de-proximite-en-vendee-france-services","status":"publish","type":"post","link":"https:\/\/pierrehenriet.fr\/index.php\/2019\/11\/15\/plus-de-proximite-en-vendee-france-services\/","title":{"rendered":"Plus de proximit\u00e9 en Vend\u00e9e : \u00ab France Services \u00bb"},"content":{"rendered":"\n<p>Le 25 avril dernier, le Pr\u00e9sident de la\nR\u00e9publique a annonc\u00e9 aux Fran\u00e7ais la cr\u00e9ation d\u2019un <strong>r\u00e9seau de France Services<\/strong>. Ce r\u00e9seau est destin\u00e9 \u00e0 les accompagner\ndans leurs <strong>d\u00e9marches administratives du\nquotidien<\/strong>, dans un lieu unique, \u00e0 moins de 30 minutes de leur domicile.<\/p>\n\n\n\n<p>Ainsi, <strong>chaque\ncanton<\/strong> doit \u00eatre couvert par au moins une structure France Services <strong>d\u2019ici fin 2022. <\/strong>Il a \u00e9t\u00e9 annonc\u00e9 l\u2019implantation de <strong>300 structures d\u00e8s le 1<sup>er<\/sup> janvier 2020<\/strong>.<\/p>\n\n\n\n<p>Le 4<sup>\u00e8me<\/sup> Comit\u00e9 interminist\u00e9riel\nde la transformation publique qui se tient ce vendredi 15 novembre est\nl\u2019occasion, pour le Premier Ministre de publier la premi\u00e8re liste des sites labellis\u00e9s\nFrance Services. Pour la Sud-Vend\u00e9e, <strong>Chaill\u00e9-les-Marais,\nChantonnay, La Ch\u00e2taigneraie, Moutiers les Mauxfaits, Palluau et Pouzauges<\/strong>\nsont d\u2019ores et d\u00e9j\u00e0 labellis\u00e9s.<\/p>\n\n\n\n<p>Pierre Henriet se f\u00e9licite de ces cr\u00e9ations\net tout particuli\u00e8rement sur le territoire du Sud-Vend\u00e9e&nbsp;: <em>\u00ab&nbsp;<strong>L\u2019exigence\nde proximit\u00e9<\/strong> trouve dans France Service, une&nbsp;r\u00e9ponse qui se traduit\npar la <strong>pr\u00e9sence d\u2019agents polyvalents\nform\u00e9s<\/strong> et des <strong>horaires d\u2019ouverture\nsuffisamment \u00e9tendus et adapt\u00e9s aux besoins.&nbsp;<\/strong>\u00bb<\/em><\/p>\n\n\n\n<p>Le label France Services impose la pr\u00e9sence\n<strong>de 9 administrations et op\u00e9rateurs de\nservice public<\/strong>&nbsp;: les minist\u00e8res de la justice, de l\u2019action et des\ncomptes publics ainsi que de l\u2019int\u00e9rieur, les Caisses d\u2019assurance vieillesse,\nd\u2019assurance maladie, et d\u2019allocations familiales, la Mutualit\u00e9 sociale\nagricole, P\u00f4le emploi et la Poste.<\/p>\n\n\n\n<p>Le D\u00e9put\u00e9 du Sud-Vend\u00e9e tient \u00e0 <em>pr\u00e9ciser que \u00ab&nbsp;ces <strong>structures de proximit\u00e9<\/strong> se <strong>multiplieront\nsur notre territoire<\/strong> dans les trois prochaines ann\u00e9es&nbsp;; les <strong>services publics au plus pr\u00e8s de chacun <\/strong>r\u00e9duiront\nla fracture num\u00e9rique notamment.&nbsp;\u00bb<\/em><\/p>\n","protected":false},"excerpt":{"rendered":"<p>Le 25 avril dernier, le Pr\u00e9sident de la R\u00e9publique a annonc\u00e9 aux Fran\u00e7ais la cr\u00e9ation d\u2019un r\u00e9seau de France Services. Ce r\u00e9seau est destin\u00e9 \u00e0 les accompagner dans leurs d\u00e9marches administratives du quotidien, dans un lieu unique, \u00e0 moins de 30 minutes de leur domicile. Ainsi, chaque canton doit \u00eatre couvert par au moins une [&hellip;]<\/p>\n","protected":false},"author":1,"featured_media":300,"comment_status":"closed","ping_status":"closed","sticky":false,"template":"","format":"standard","meta":{"inline_featured_image":false,"_uag_custom_page_level_css":"","footnotes":""},"categories":[5],"tags":[],"class_list":["post-299","post","type-post","status-publish","format-standard","has-post-thumbnail","hentry","category-communique-de-presse"],"uagb_featured_image_src":{"full":["https:\/\/pierrehenriet.fr\/wp-content\/uploads\/2021\/01\/logo-france-service.png",640,360,false],"thumbnail":["https:\/\/pierrehenriet.fr\/wp-content\/uploads\/2021\/01\/logo-france-service-150x150.png",150,150,true],"medium":["https:\/\/pierrehenriet.fr\/wp-content\/uploads\/2021\/01\/logo-france-service-300x169.png",300,169,true],"medium_large":["https:\/\/pierrehenriet.fr\/wp-content\/uploads\/2021\/01\/logo-france-service.png",640,360,false],"large":["https:\/\/pierrehenriet.fr\/wp-content\/uploads\/2021\/01\/logo-france-service.png",640,360,false],"post-slider-thumb-size":["https:\/\/pierrehenriet.fr\/wp-content\/uploads\/2021\/01\/logo-france-service-330x190.png",330,190,true],"post-category-slider-size":["https:\/\/pierrehenriet.fr\/wp-content\/uploads\/2021\/01\/logo-france-service.png",330,186,false],"1536x1536":["https:\/\/pierrehenriet.fr\/wp-content\/uploads\/2021\/01\/logo-france-service.png",640,360,false],"2048x2048":["https:\/\/pierrehenriet.fr\/wp-content\/uploads\/2021\/01\/logo-france-service.png",640,360,false]},"uagb_author_info":{"display_name":"Pierre Henriet","author_link":"https:\/\/pierrehenriet.fr\/index.php\/author\/admin8155\/"},"uagb_comment_info":0,"uagb_excerpt":"Le 25 avril dernier, le Pr\u00e9sident de la R\u00e9publique a annonc\u00e9 aux Fran\u00e7ais la cr\u00e9ation d\u2019un r\u00e9seau de France Services. Ce r\u00e9seau est destin\u00e9 \u00e0 les accompagner dans leurs d\u00e9marches administratives du quotidien, dans un lieu unique, \u00e0 moins de 30 minutes de leur domicile. Ainsi, chaque canton doit \u00eatre couvert par au moins une\u2026","_links":{"self":[{"href":"https:\/\/pierrehenriet.fr\/index.php\/wp-json\/wp\/v2\/posts\/299","targetHints":{"allow":["GET"]}}],"collection":[{"href":"https:\/\/pierrehenriet.fr\/index.php\/wp-json\/wp\/v2\/posts"}],"about":[{"href":"https:\/\/pierrehenriet.fr\/index.php\/wp-json\/wp\/v2\/types\/post"}],"author":[{"embeddable":true,"href":"https:\/\/pierrehenriet.fr\/index.php\/wp-json\/wp\/v2\/users\/1"}],"replies":[{"embeddable":true,"href":"https:\/\/pierrehenriet.fr\/index.php\/wp-json\/wp\/v2\/comments?post=299"}],"version-history":[{"count":1,"href":"https:\/\/pierrehenriet.fr\/index.php\/wp-json\/wp\/v2\/posts\/299\/revisions"}],"predecessor-version":[{"id":301,"href":"https:\/\/pierrehenriet.fr\/index.php\/wp-json\/wp\/v2\/posts\/299\/revisions\/301"}],"wp:featuredmedia":[{"embeddable":true,"href":"https:\/\/pierrehenriet.fr\/index.php\/wp-json\/wp\/v2\/media\/300"}],"wp:attachment":[{"href":"https:\/\/pierrehenriet.fr\/index.php\/wp-json\/wp\/v2\/media?parent=299"}],"wp:term":[{"taxonomy":"category","embeddable":true,"href":"https:\/\/pierrehenriet.fr\/index.php\/wp-json\/wp\/v2\/categories?post=299"},{"taxonomy":"post_tag","embeddable":true,"href":"https:\/\/pierrehenriet.fr\/index.php\/wp-json\/wp\/v2\/tags?post=299"}],"curies":[{"name":"wp","href":"https:\/\/api.w.org\/{rel}","templated":true}]}}