{"id":303,"date":"2020-01-22T11:33:19","date_gmt":"2020-01-22T10:33:19","guid":{"rendered":"http:\/\/pierrehenriet.fr\/?p=303"},"modified":"2021-01-21T11:39:53","modified_gmt":"2021-01-21T10:39:53","slug":"ecoles-des-moyens-renforces-dans-lenseignement-primaire-en-vendee","status":"publish","type":"post","link":"https:\/\/pierrehenriet.fr\/index.php\/2020\/01\/22\/ecoles-des-moyens-renforces-dans-lenseignement-primaire-en-vendee\/","title":{"rendered":"\u00c9coles : des moyens renforc\u00e9s dans l\u2019enseignement primaire en Vend\u00e9e"},"content":{"rendered":"\n<p>Lors du budget 2020, la majorit\u00e9\nparlementaire a vot\u00e9 une augmentation de plus d\u2019un milliard d\u2019euros en faveur\nde l\u2019enseignement scolaire. Cette augmentation a eu une incidence directe sur\nles pr\u00e9visions d\u2019effectifs dans les \u00e9tablissements de Vend\u00e9e qui viennent\nd\u2019\u00eatre communiqu\u00e9s par l\u2019Acad\u00e9mie de Nantes. Pierre Henriet, d\u00e9put\u00e9 de la\nVend\u00e9e, souligne l\u2019\u00e9volution des effectifs :<\/p>\n\n\n\n<p><em>\u00ab Malgr\u00e9 une pr\u00e9vision de 312 \u00e9l\u00e8ves en\nmoins \u00e0 la rentr\u00e9e de septembre 2020 dans le premier degr\u00e9, l\u2019Acad\u00e9mie de\nNantes a choisi de ne pas supprimer de postes en Vend\u00e9e et m\u00eame d\u2019en cr\u00e9er un.<\/em><\/p>\n\n\n\n<p><em>Cette d\u00e9cision s\u2019inscrit dans la continuit\u00e9\nde la politique men\u00e9e par le Gouvernement pour garantir un meilleur\naccompagnement des \u00e9l\u00e8ves, en renfor\u00e7ant le taux d\u2019encadrement et en limitant\nprogressivement le nombre d\u2019\u00e9l\u00e8ves par classe.<\/em><\/p>\n\n\n\n<p><em>Je me f\u00e9licite des moyens d\u00e9di\u00e9s \u00e0\nl\u2019\u00e9ducation dans le premier degr\u00e9 et la mise en \u0153uvre de plusieurs dispositifs\nqui tiennent compte des sp\u00e9cificit\u00e9s de la ruralit\u00e9. Elle devra \u00eatre confort\u00e9e\ndans les prochains mois par la r\u00e9vision de la carte scolaire et des crit\u00e8res\nd\u2019\u00e9ducation prioritaire en zone rurale. Un meilleur accompagnement d\u00e8s le plus\njeune \u00e2ge est un facteur d\u00e9terminant de la r\u00e9ussite des \u00e9l\u00e8ves. \u00bb<\/em><\/p>\n","protected":false},"excerpt":{"rendered":"<p>Lors du budget 2020, la majorit\u00e9 parlementaire a vot\u00e9 une augmentation de plus d\u2019un milliard d\u2019euros en faveur de l\u2019enseignement scolaire. Cette augmentation a eu une incidence directe sur les pr\u00e9visions d\u2019effectifs dans les \u00e9tablissements de Vend\u00e9e qui viennent d\u2019\u00eatre communiqu\u00e9s par l\u2019Acad\u00e9mie de Nantes. Pierre Henriet, d\u00e9put\u00e9 de la Vend\u00e9e, souligne l\u2019\u00e9volution des effectifs [&hellip;]<\/p>\n","protected":false},"author":1,"featured_media":308,"comment_status":"closed","ping_status":"closed","sticky":false,"template":"","format":"standard","meta":{"inline_featured_image":false,"_uag_custom_page_level_css":"","footnotes":""},"categories":[5],"tags":[],"class_list":["post-303","post","type-post","status-publish","format-standard","has-post-thumbnail","hentry","category-communique-de-presse"],"uagb_featured_image_src":{"full":["https:\/\/pierrehenriet.fr\/wp-content\/uploads\/2021\/01\/ecole-copie.png",3000,1774,false],"thumbnail":["https:\/\/pierrehenriet.fr\/wp-content\/uploads\/2021\/01\/ecole-copie-150x150.png",150,150,true],"medium":["https:\/\/pierrehenriet.fr\/wp-content\/uploads\/2021\/01\/ecole-copie-300x177.png",300,177,true],"medium_large":["https:\/\/pierrehenriet.fr\/wp-content\/uploads\/2021\/01\/ecole-copie-768x454.png",768,454,true],"large":["https:\/\/pierrehenriet.fr\/wp-content\/uploads\/2021\/01\/ecole-copie-1024x606.png",1024,606,true],"post-slider-thumb-size":["https:\/\/pierrehenriet.fr\/wp-content\/uploads\/2021\/01\/ecole-copie-330x190.png",330,190,true],"post-category-slider-size":["https:\/\/pierrehenriet.fr\/wp-content\/uploads\/2021\/01\/ecole-copie.png",330,195,false],"1536x1536":["https:\/\/pierrehenriet.fr\/wp-content\/uploads\/2021\/01\/ecole-copie.png",1536,908,false],"2048x2048":["https:\/\/pierrehenriet.fr\/wp-content\/uploads\/2021\/01\/ecole-copie.png",2048,1211,false]},"uagb_author_info":{"display_name":"Pierre Henriet","author_link":"https:\/\/pierrehenriet.fr\/index.php\/author\/admin8155\/"},"uagb_comment_info":0,"uagb_excerpt":"Lors du budget 2020, la majorit\u00e9 parlementaire a vot\u00e9 une augmentation de plus d\u2019un milliard d\u2019euros en faveur de l\u2019enseignement scolaire. Cette augmentation a eu une incidence directe sur les pr\u00e9visions d\u2019effectifs dans les \u00e9tablissements de Vend\u00e9e qui viennent d\u2019\u00eatre communiqu\u00e9s par l\u2019Acad\u00e9mie de Nantes. Pierre Henriet, d\u00e9put\u00e9 de la Vend\u00e9e, souligne l\u2019\u00e9volution des effectifs\u2026","_links":{"self":[{"href":"https:\/\/pierrehenriet.fr\/index.php\/wp-json\/wp\/v2\/posts\/303","targetHints":{"allow":["GET"]}}],"collection":[{"href":"https:\/\/pierrehenriet.fr\/index.php\/wp-json\/wp\/v2\/posts"}],"about":[{"href":"https:\/\/pierrehenriet.fr\/index.php\/wp-json\/wp\/v2\/types\/post"}],"author":[{"embeddable":true,"href":"https:\/\/pierrehenriet.fr\/index.php\/wp-json\/wp\/v2\/users\/1"}],"replies":[{"embeddable":true,"href":"https:\/\/pierrehenriet.fr\/index.php\/wp-json\/wp\/v2\/comments?post=303"}],"version-history":[{"count":1,"href":"https:\/\/pierrehenriet.fr\/index.php\/wp-json\/wp\/v2\/posts\/303\/revisions"}],"predecessor-version":[{"id":309,"href":"https:\/\/pierrehenriet.fr\/index.php\/wp-json\/wp\/v2\/posts\/303\/revisions\/309"}],"wp:featuredmedia":[{"embeddable":true,"href":"https:\/\/pierrehenriet.fr\/index.php\/wp-json\/wp\/v2\/media\/308"}],"wp:attachment":[{"href":"https:\/\/pierrehenriet.fr\/index.php\/wp-json\/wp\/v2\/media?parent=303"}],"wp:term":[{"taxonomy":"category","embeddable":true,"href":"https:\/\/pierrehenriet.fr\/index.php\/wp-json\/wp\/v2\/categories?post=303"},{"taxonomy":"post_tag","embeddable":true,"href":"https:\/\/pierrehenriet.fr\/index.php\/wp-json\/wp\/v2\/tags?post=303"}],"curies":[{"name":"wp","href":"https:\/\/api.w.org\/{rel}","templated":true}]}}