{"id":310,"date":"2018-10-24T11:40:00","date_gmt":"2018-10-24T09:40:00","guid":{"rendered":"http:\/\/pierrehenriet.fr\/?p=310"},"modified":"2021-01-21T11:40:45","modified_gmt":"2021-01-21T10:40:45","slug":"travailleurs-saisonniers-allegement-de-charges-supplementaires","status":"publish","type":"post","link":"https:\/\/pierrehenriet.fr\/index.php\/2018\/10\/24\/travailleurs-saisonniers-allegement-de-charges-supplementaires\/","title":{"rendered":"Travailleurs saisonniers :  all\u00e8gement de charges suppl\u00e9mentaires"},"content":{"rendered":"\n<p>Pierre Henriet,\nD\u00e9put\u00e9 de la Vend\u00e9e, fait suite \u00e0 la r\u00e9union avec les producteurs saisonniers en septembre dernier\n(article OF 02\/10\/18) sur le niveau des charges sociales des contrats des\ntravailleurs occasionnels, demandeurs d\u2019emploi (TO-DE) et tient \u00e0 faire le\npoint&nbsp;apr\u00e8s le vote hier soir en s\u00e9ance\nlors de l\u2019examen de l\u2019article 8 du Projet de loi de finances de la S\u00e9curit\u00e9\nsociale :<\/p>\n\n\n\n<p><em>\u00ab&nbsp;Avant cette rencontre sur le terrain, j\u2019avais\nd\u00e9j\u00e0<\/em><em> pu<\/em><em> <strong>alert<\/strong><\/em><strong><em>er\n<\/em><\/strong><strong><em>le\nGouvernement par voie de question \u00e9crite.<\/em><\/strong><em> La\nmobilisation permanente des d\u00e9put\u00e9s aupr\u00e8s des ministres de l\u2019agriculture et,\nde l\u2019\u00e9conomie et des finances, a permis de revenir sur la suppression de\nl\u2019exon\u00e9ration du TO<\/em><em>&#8211;<\/em><em>DE associ\u00e9 \u00e0 la\nbaisse g\u00e9n\u00e9rale des charges salariales. <\/em><\/p>\n\n\n\n<p><em>Les\nremont\u00e9es de terrain &#8211; dont celle de Foussais-Payr\u00e9 &#8211; ont \u00e9t\u00e9 entendues lors\ndes \u00e9changes avec les minist\u00e8res, l\u2019<\/em><em>objectif\n<\/em><em>a\nensuite \u00e9t\u00e9 <\/em><em>de <strong>mettre en place des compensation<\/strong><\/em><strong><em>s <\/em><\/strong><em>\u00e0 cette suppression de l\u2019exon\u00e9ration du TO-DE.<\/em><em><\/em><\/p>\n\n\n\n<p><em>Concr\u00e8tement,<strong>\nle<\/strong><\/em><strong><em>s d\u00e9put\u00e9s de la majorit\u00e9 portant la\nvoie des territoires ont a<\/em><\/strong><strong><em>insi <\/em><\/strong><strong><em>adopt\u00e9\n<\/em><\/strong><strong><em>un\namendement pour une exon\u00e9ration de charges \u00e0 1,1<\/em><\/strong><strong><em>5<\/em><\/strong><strong><em>&nbsp;SMIC<\/em><\/strong><strong><em>.\nEn plus de la transformation du CICE en all\u00e8gement de charges p\u00e9renne, cela\naura une tendance favorable pour les secteurs concern\u00e9s dans le Sud-Vend\u00e9e.<\/em><\/strong><strong><em><\/em><\/strong><\/p>\n\n\n\n<p><em>Didier GUILLAUME, nouveau Ministre de l\u2019Agriculture<\/em><em>, a\nsoulign\u00e9 <strong>l\u2019<\/strong><\/em><strong><em>importance du\ntravail<\/em><\/strong><em> des d\u00e9put\u00e9s de la<\/em><em> majorit\u00e9 <\/em><em>et <strong>l\u2019accord\nobtenu<\/strong><\/em><strong><em>, <\/em><\/strong><em>qui sont <\/em><em>les <strong>r\u00e9ponses\nattendues par les employeurs de saisonniers en agriculture, particuli\u00e8rement\nnombreux dans le Sud Vend\u00e9e<\/strong>.&nbsp;\u00bb<\/em><\/p>\n","protected":false},"excerpt":{"rendered":"<p>Pierre Henriet, D\u00e9put\u00e9 de la Vend\u00e9e, fait suite \u00e0 la r\u00e9union avec les producteurs saisonniers en septembre dernier (article OF 02\/10\/18) sur le niveau des charges sociales des contrats des travailleurs occasionnels, demandeurs d\u2019emploi (TO-DE) et tient \u00e0 faire le point&nbsp;apr\u00e8s le vote hier soir en s\u00e9ance lors de l\u2019examen de l\u2019article 8 du Projet [&hellip;]<\/p>\n","protected":false},"author":1,"featured_media":311,"comment_status":"closed","ping_status":"closed","sticky":false,"template":"","format":"standard","meta":{"inline_featured_image":false,"_uag_custom_page_level_css":"","footnotes":""},"categories":[5],"tags":[],"class_list":["post-310","post","type-post","status-publish","format-standard","has-post-thumbnail","hentry","category-communique-de-presse"],"uagb_featured_image_src":{"full":["https:\/\/pierrehenriet.fr\/wp-content\/uploads\/2021\/01\/photo-FP-TODE.jpg",1067,800,false],"thumbnail":["https:\/\/pierrehenriet.fr\/wp-content\/uploads\/2021\/01\/photo-FP-TODE-150x150.jpg",150,150,true],"medium":["https:\/\/pierrehenriet.fr\/wp-content\/uploads\/2021\/01\/photo-FP-TODE-300x225.jpg",300,225,true],"medium_large":["https:\/\/pierrehenriet.fr\/wp-content\/uploads\/2021\/01\/photo-FP-TODE-768x576.jpg",768,576,true],"large":["https:\/\/pierrehenriet.fr\/wp-content\/uploads\/2021\/01\/photo-FP-TODE-1024x768.jpg",1024,768,true],"post-slider-thumb-size":["https:\/\/pierrehenriet.fr\/wp-content\/uploads\/2021\/01\/photo-FP-TODE-330x190.jpg",330,190,true],"post-category-slider-size":["https:\/\/pierrehenriet.fr\/wp-content\/uploads\/2021\/01\/photo-FP-TODE.jpg",330,247,false],"1536x1536":["https:\/\/pierrehenriet.fr\/wp-content\/uploads\/2021\/01\/photo-FP-TODE.jpg",1067,800,false],"2048x2048":["https:\/\/pierrehenriet.fr\/wp-content\/uploads\/2021\/01\/photo-FP-TODE.jpg",1067,800,false]},"uagb_author_info":{"display_name":"Pierre Henriet","author_link":"https:\/\/pierrehenriet.fr\/index.php\/author\/admin8155\/"},"uagb_comment_info":0,"uagb_excerpt":"Pierre Henriet, D\u00e9put\u00e9 de la Vend\u00e9e, fait suite \u00e0 la r\u00e9union avec les producteurs saisonniers en septembre dernier (article OF 02\/10\/18) sur le niveau des charges sociales des contrats des travailleurs occasionnels, demandeurs d\u2019emploi (TO-DE) et tient \u00e0 faire le point&nbsp;apr\u00e8s le vote hier soir en s\u00e9ance lors de l\u2019examen de l\u2019article 8 du Projet\u2026","_links":{"self":[{"href":"https:\/\/pierrehenriet.fr\/index.php\/wp-json\/wp\/v2\/posts\/310","targetHints":{"allow":["GET"]}}],"collection":[{"href":"https:\/\/pierrehenriet.fr\/index.php\/wp-json\/wp\/v2\/posts"}],"about":[{"href":"https:\/\/pierrehenriet.fr\/index.php\/wp-json\/wp\/v2\/types\/post"}],"author":[{"embeddable":true,"href":"https:\/\/pierrehenriet.fr\/index.php\/wp-json\/wp\/v2\/users\/1"}],"replies":[{"embeddable":true,"href":"https:\/\/pierrehenriet.fr\/index.php\/wp-json\/wp\/v2\/comments?post=310"}],"version-history":[{"count":1,"href":"https:\/\/pierrehenriet.fr\/index.php\/wp-json\/wp\/v2\/posts\/310\/revisions"}],"predecessor-version":[{"id":312,"href":"https:\/\/pierrehenriet.fr\/index.php\/wp-json\/wp\/v2\/posts\/310\/revisions\/312"}],"wp:featuredmedia":[{"embeddable":true,"href":"https:\/\/pierrehenriet.fr\/index.php\/wp-json\/wp\/v2\/media\/311"}],"wp:attachment":[{"href":"https:\/\/pierrehenriet.fr\/index.php\/wp-json\/wp\/v2\/media?parent=310"}],"wp:term":[{"taxonomy":"category","embeddable":true,"href":"https:\/\/pierrehenriet.fr\/index.php\/wp-json\/wp\/v2\/categories?post=310"},{"taxonomy":"post_tag","embeddable":true,"href":"https:\/\/pierrehenriet.fr\/index.php\/wp-json\/wp\/v2\/tags?post=310"}],"curies":[{"name":"wp","href":"https:\/\/api.w.org\/{rel}","templated":true}]}}