{"id":316,"date":"2020-04-03T11:43:59","date_gmt":"2020-04-03T09:43:59","guid":{"rendered":"http:\/\/pierrehenriet.fr\/?p=316"},"modified":"2021-01-21T11:47:03","modified_gmt":"2021-01-21T10:47:03","slug":"covid-19-derogations-pour-les-marches-locaux-du-sud-vendee","status":"publish","type":"post","link":"https:\/\/pierrehenriet.fr\/index.php\/2020\/04\/03\/covid-19-derogations-pour-les-marches-locaux-du-sud-vendee\/","title":{"rendered":"Covid-19 : d\u00e9rogations pour les march\u00e9s locaux du Sud-Vend\u00e9e"},"content":{"rendered":"\n<p><strong>Contrairement \u00e0 Lu\u00e7on et Sainte-Hermine, le march\u00e9 couvert de Fontenay-le-Comte ne rouvrira pas pour\nl\u2019instant, seul le march\u00e9 ext\u00e9rieur rouvrira ce samedi 4 avril.\n<\/strong><\/p>\n\n\n\n<p>Apr\u00e8s deux demandes d\u00e9rogatoires qui ne respectaient pas les obligations sanitaires, le premier adjoint de\nFontenay charg\u00e9 de la gestion de la crise \u00e9tant dans l&rsquo;incapacit\u00e9 de pr\u00e9senter un dossier recevable, Pierre\nHenriet, d\u00e9put\u00e9 de la Vend\u00e9e, s\u2019\u00e9tonne de son comportement :\n<\/p>\n\n\n\n<p><em>\u00ab Je suis intervenu d\u00e8s vendredi dernier afin de leur expliquer les r\u00e8gles qui permettent de s\u2019assurer de la\ns\u00e9curit\u00e9 sanitaire \u00e0 l\u2019int\u00e9rieur du march\u00e9. Mais cela n\u2019a pas \u00e9t\u00e9 pris en compte.\n<\/em><\/p>\n\n\n\n<p><em>J\u2019ai appuy\u00e9 et apport\u00e9 des modifications sur plusieurs dossiers, en particulier celui de Lu\u00e7on rouvert depuis\nsamedi dernier et celui de Sainte-Hermine rouvert depuis ce vendredi 3 avril.\n<\/em><\/p>\n\n\n\n<p><em>Maintenant qu\u2019une partie du march\u00e9 va rouvrir, cela permettra aux Fontenaisiens du centre-ville d&rsquo;avoir acc\u00e8s \u00e0 une offre alimentaire de proximit\u00e9 et d\u2019assurer une continuit\u00e9 de l\u2019activit\u00e9 \u00e9conomique de nos commer\u00e7ants et producteurs locaux qui ont besoin qu\u2019on les d\u00e9fende avec s\u00e9rieux dans le respect de nos institutions. Et dans la plus stricte s\u00e9curit\u00e9 sanitaire des clients du march\u00e9. \u00bb <\/em><\/p>\n\n\n\n<p><em>Pour le march\u00e9 de Fontenay-le-Comte, le Pr\u00e9fet a expliqu\u00e9 dans un r\u00e9cent courrier les insuffisances des deux premi\u00e8res demandes : pas d\u2019instauration d\u2019un marquage au sol pour visualiser la distance d\u2019un m\u00e8tre entre chaque personne, pas de sens unique de circulation pour \u00e9viter les contacts dans les zones de croisement&#8230; Bref, des choses simples et de bon sens pour \u00e9viter la propagation du virus. <\/em><\/p>\n\n\n\n<p><em>Apr\u00e8s deux demandes d\u00e9rogatoires qui ne correspondaient pas aux obligations de protection pour les clients et les commer\u00e7ants, le Pr\u00e9fet de la Vend\u00e9e a envoy\u00e9 un nouvel arr\u00eat\u00e9 mentionnant sp\u00e9cifiquement les mesures \u00e0 prendre pour assurer la tenue du march\u00e9 local de Fontenay.<\/em><\/p>\n\n\n\n<p><em>Il rappelle que le non-respect des mesures\nprescrites entra\u00eenera la suspension de la d\u00e9rogation.<\/em><\/p>\n\n\n\n<p><em>Pour autant, il est bon de rappeler que ces\nmesures se trouvaient dans le guide m\u00e9thodologique envoy\u00e9 il y a plus de 10\njours. Tout cela aurait pu \u00eatre beaucoup plus simple si ce guide avait \u00e9t\u00e9\nsuivi, il s\u2019agit de mesures de bon sens.&nbsp;\u00bb<\/em><\/p>\n","protected":false},"excerpt":{"rendered":"<p>Contrairement \u00e0 Lu\u00e7on et Sainte-Hermine, le march\u00e9 couvert de Fontenay-le-Comte ne rouvrira pas pour l\u2019instant, seul le march\u00e9 ext\u00e9rieur rouvrira ce samedi 4 avril. Apr\u00e8s deux demandes d\u00e9rogatoires qui ne respectaient pas les obligations sanitaires, le premier adjoint de Fontenay charg\u00e9 de la gestion de la crise \u00e9tant dans l&rsquo;incapacit\u00e9 de pr\u00e9senter un dossier recevable, [&hellip;]<\/p>\n","protected":false},"author":1,"featured_media":317,"comment_status":"closed","ping_status":"closed","sticky":false,"template":"","format":"standard","meta":{"inline_featured_image":false,"_uag_custom_page_level_css":"","footnotes":""},"categories":[5],"tags":[],"class_list":["post-316","post","type-post","status-publish","format-standard","has-post-thumbnail","hentry","category-communique-de-presse"],"uagb_featured_image_src":{"full":["https:\/\/pierrehenriet.fr\/wp-content\/uploads\/2021\/01\/91744293_2746943208764856_4841912740987535360_o.jpg",1754,1170,false],"thumbnail":["https:\/\/pierrehenriet.fr\/wp-content\/uploads\/2021\/01\/91744293_2746943208764856_4841912740987535360_o-150x150.jpg",150,150,true],"medium":["https:\/\/pierrehenriet.fr\/wp-content\/uploads\/2021\/01\/91744293_2746943208764856_4841912740987535360_o-300x200.jpg",300,200,true],"medium_large":["https:\/\/pierrehenriet.fr\/wp-content\/uploads\/2021\/01\/91744293_2746943208764856_4841912740987535360_o-768x512.jpg",768,512,true],"large":["https:\/\/pierrehenriet.fr\/wp-content\/uploads\/2021\/01\/91744293_2746943208764856_4841912740987535360_o-1024x683.jpg",1024,683,true],"post-slider-thumb-size":["https:\/\/pierrehenriet.fr\/wp-content\/uploads\/2021\/01\/91744293_2746943208764856_4841912740987535360_o-330x190.jpg",330,190,true],"post-category-slider-size":["https:\/\/pierrehenriet.fr\/wp-content\/uploads\/2021\/01\/91744293_2746943208764856_4841912740987535360_o.jpg",330,220,false],"1536x1536":["https:\/\/pierrehenriet.fr\/wp-content\/uploads\/2021\/01\/91744293_2746943208764856_4841912740987535360_o.jpg",1536,1025,false],"2048x2048":["https:\/\/pierrehenriet.fr\/wp-content\/uploads\/2021\/01\/91744293_2746943208764856_4841912740987535360_o.jpg",1754,1170,false]},"uagb_author_info":{"display_name":"Pierre Henriet","author_link":"https:\/\/pierrehenriet.fr\/index.php\/author\/admin8155\/"},"uagb_comment_info":0,"uagb_excerpt":"Contrairement \u00e0 Lu\u00e7on et Sainte-Hermine, le march\u00e9 couvert de Fontenay-le-Comte ne rouvrira pas pour l\u2019instant, seul le march\u00e9 ext\u00e9rieur rouvrira ce samedi 4 avril. Apr\u00e8s deux demandes d\u00e9rogatoires qui ne respectaient pas les obligations sanitaires, le premier adjoint de Fontenay charg\u00e9 de la gestion de la crise \u00e9tant dans l&rsquo;incapacit\u00e9 de pr\u00e9senter un dossier recevable,\u2026","_links":{"self":[{"href":"https:\/\/pierrehenriet.fr\/index.php\/wp-json\/wp\/v2\/posts\/316","targetHints":{"allow":["GET"]}}],"collection":[{"href":"https:\/\/pierrehenriet.fr\/index.php\/wp-json\/wp\/v2\/posts"}],"about":[{"href":"https:\/\/pierrehenriet.fr\/index.php\/wp-json\/wp\/v2\/types\/post"}],"author":[{"embeddable":true,"href":"https:\/\/pierrehenriet.fr\/index.php\/wp-json\/wp\/v2\/users\/1"}],"replies":[{"embeddable":true,"href":"https:\/\/pierrehenriet.fr\/index.php\/wp-json\/wp\/v2\/comments?post=316"}],"version-history":[{"count":1,"href":"https:\/\/pierrehenriet.fr\/index.php\/wp-json\/wp\/v2\/posts\/316\/revisions"}],"predecessor-version":[{"id":318,"href":"https:\/\/pierrehenriet.fr\/index.php\/wp-json\/wp\/v2\/posts\/316\/revisions\/318"}],"wp:featuredmedia":[{"embeddable":true,"href":"https:\/\/pierrehenriet.fr\/index.php\/wp-json\/wp\/v2\/media\/317"}],"wp:attachment":[{"href":"https:\/\/pierrehenriet.fr\/index.php\/wp-json\/wp\/v2\/media?parent=316"}],"wp:term":[{"taxonomy":"category","embeddable":true,"href":"https:\/\/pierrehenriet.fr\/index.php\/wp-json\/wp\/v2\/categories?post=316"},{"taxonomy":"post_tag","embeddable":true,"href":"https:\/\/pierrehenriet.fr\/index.php\/wp-json\/wp\/v2\/tags?post=316"}],"curies":[{"name":"wp","href":"https:\/\/api.w.org\/{rel}","templated":true}]}}