{"id":325,"date":"2020-08-31T11:52:36","date_gmt":"2020-08-31T09:52:36","guid":{"rendered":"http:\/\/pierrehenriet.fr\/?p=325"},"modified":"2021-01-21T11:55:16","modified_gmt":"2021-01-21T10:55:16","slug":"lancienne-laiterie-du-mazeau-selectionnee-pour-ledition-2020-du-loto-du-patrimoine","status":"publish","type":"post","link":"https:\/\/pierrehenriet.fr\/index.php\/2020\/08\/31\/lancienne-laiterie-du-mazeau-selectionnee-pour-ledition-2020-du-loto-du-patrimoine\/","title":{"rendered":"L\u2019ancienne laiterie du Mazeau s\u00e9lectionn\u00e9e pour l\u2019\u00e9dition 2020 du loto du Patrimoine"},"content":{"rendered":"\n<p><strong>Ce lundi 31 ao\u00fbt 2020, la Ministre de la\nCulture, Roselyne Bachelot, a annonc\u00e9 que l\u2019ancienne laiterie du Mazeau \u00e9tait\ns\u00e9lectionn\u00e9e pour l\u2019\u00e9dition 2020 du loto du Patrimoine. <\/strong><\/p>\n\n\n\n<p>Le d\u00e9put\u00e9 Pierre Henriet se r\u00e9jouit de\ncette annonce :<\/p>\n\n\n\n<p><em>\u00ab J\u2019ai ardemment soutenu la candidature de\nl\u2019ancienne laiterie du Mazeau apr\u00e8s une visite importante avec les acteurs\nlocaux lors des journ\u00e9es du Patrimoine de 2019. Ce projet est structurant pour\nnotre territoire car il associe transmission des savoirs et sauvegarde d\u2019un\nb\u00e2timent industriel de la fin du XIX\u00e8me si\u00e8cle qui t\u00e9moigne de l\u2019activit\u00e9\nlaiti\u00e8re dans le Marais poitevin.<\/em><\/p>\n\n\n\n<p><em>Sans le soutien du loto et des collectivit\u00e9s\nterritoriales, la restauration du b\u00e2timent est compromise, faute de moyens. Les\nactivit\u00e9s d\u00e9velopp\u00e9es par les repreneurs de la laiterie offrent des\nperspectives en mati\u00e8re de tourisme et d\u2019insertion professionnelle qui\njustifient une mobilisation des acteurs publics et priv\u00e9s \u00e0 leurs c\u00f4t\u00e9s.<\/em><\/p>\n\n\n\n<p><em>La laiterie du Mazeau s&rsquo;ajoute au kiosque du jardin Dumaine \u00e0 Lu\u00e7on et au four \u00e0 chaux de Benet s\u00e9lectionn\u00e9s en 2019\u00a0ainsi que le logis du XVIe si\u00e8cle de Thir\u00e9 r\u00e9habilit\u00e9 en Quartier des artistes lors de l\u2019\u00e9dition 2018.\u00a0La sauvegarde du patrimoine dans le Sud-Vend\u00e9e est essentielle pour poursuivre le d\u00e9veloppement touristique et culturel sur notre territoire. \u00bb<\/em><\/p>\n\n\n\n<p>Photo prise avec le conseil municipal du Mazeau, le 2 septembre 2020<\/p>\n","protected":false},"excerpt":{"rendered":"<p>Ce lundi 31 ao\u00fbt 2020, la Ministre de la Culture, Roselyne Bachelot, a annonc\u00e9 que l\u2019ancienne laiterie du Mazeau \u00e9tait s\u00e9lectionn\u00e9e pour l\u2019\u00e9dition 2020 du loto du Patrimoine. Le d\u00e9put\u00e9 Pierre Henriet se r\u00e9jouit de cette annonce : \u00ab J\u2019ai ardemment soutenu la candidature de l\u2019ancienne laiterie du Mazeau apr\u00e8s une visite importante avec les [&hellip;]<\/p>\n","protected":false},"author":1,"featured_media":326,"comment_status":"closed","ping_status":"closed","sticky":false,"template":"","format":"standard","meta":{"inline_featured_image":false,"_uag_custom_page_level_css":"","footnotes":""},"categories":[5],"tags":[],"class_list":["post-325","post","type-post","status-publish","format-standard","has-post-thumbnail","hentry","category-communique-de-presse"],"uagb_featured_image_src":{"full":["https:\/\/pierrehenriet.fr\/wp-content\/uploads\/2021\/01\/Mazeau-2.png",4032,3024,false],"thumbnail":["https:\/\/pierrehenriet.fr\/wp-content\/uploads\/2021\/01\/Mazeau-2-150x150.png",150,150,true],"medium":["https:\/\/pierrehenriet.fr\/wp-content\/uploads\/2021\/01\/Mazeau-2-300x225.png",300,225,true],"medium_large":["https:\/\/pierrehenriet.fr\/wp-content\/uploads\/2021\/01\/Mazeau-2-768x576.png",768,576,true],"large":["https:\/\/pierrehenriet.fr\/wp-content\/uploads\/2021\/01\/Mazeau-2-1024x768.png",1024,768,true],"post-slider-thumb-size":["https:\/\/pierrehenriet.fr\/wp-content\/uploads\/2021\/01\/Mazeau-2-330x190.png",330,190,true],"post-category-slider-size":["https:\/\/pierrehenriet.fr\/wp-content\/uploads\/2021\/01\/Mazeau-2.png",330,248,false],"1536x1536":["https:\/\/pierrehenriet.fr\/wp-content\/uploads\/2021\/01\/Mazeau-2.png",1536,1152,false],"2048x2048":["https:\/\/pierrehenriet.fr\/wp-content\/uploads\/2021\/01\/Mazeau-2.png",2048,1536,false]},"uagb_author_info":{"display_name":"Pierre Henriet","author_link":"https:\/\/pierrehenriet.fr\/index.php\/author\/admin8155\/"},"uagb_comment_info":0,"uagb_excerpt":"Ce lundi 31 ao\u00fbt 2020, la Ministre de la Culture, Roselyne Bachelot, a annonc\u00e9 que l\u2019ancienne laiterie du Mazeau \u00e9tait s\u00e9lectionn\u00e9e pour l\u2019\u00e9dition 2020 du loto du Patrimoine. Le d\u00e9put\u00e9 Pierre Henriet se r\u00e9jouit de cette annonce : \u00ab J\u2019ai ardemment soutenu la candidature de l\u2019ancienne laiterie du Mazeau apr\u00e8s une visite importante avec les\u2026","_links":{"self":[{"href":"https:\/\/pierrehenriet.fr\/index.php\/wp-json\/wp\/v2\/posts\/325","targetHints":{"allow":["GET"]}}],"collection":[{"href":"https:\/\/pierrehenriet.fr\/index.php\/wp-json\/wp\/v2\/posts"}],"about":[{"href":"https:\/\/pierrehenriet.fr\/index.php\/wp-json\/wp\/v2\/types\/post"}],"author":[{"embeddable":true,"href":"https:\/\/pierrehenriet.fr\/index.php\/wp-json\/wp\/v2\/users\/1"}],"replies":[{"embeddable":true,"href":"https:\/\/pierrehenriet.fr\/index.php\/wp-json\/wp\/v2\/comments?post=325"}],"version-history":[{"count":1,"href":"https:\/\/pierrehenriet.fr\/index.php\/wp-json\/wp\/v2\/posts\/325\/revisions"}],"predecessor-version":[{"id":327,"href":"https:\/\/pierrehenriet.fr\/index.php\/wp-json\/wp\/v2\/posts\/325\/revisions\/327"}],"wp:featuredmedia":[{"embeddable":true,"href":"https:\/\/pierrehenriet.fr\/index.php\/wp-json\/wp\/v2\/media\/326"}],"wp:attachment":[{"href":"https:\/\/pierrehenriet.fr\/index.php\/wp-json\/wp\/v2\/media?parent=325"}],"wp:term":[{"taxonomy":"category","embeddable":true,"href":"https:\/\/pierrehenriet.fr\/index.php\/wp-json\/wp\/v2\/categories?post=325"},{"taxonomy":"post_tag","embeddable":true,"href":"https:\/\/pierrehenriet.fr\/index.php\/wp-json\/wp\/v2\/tags?post=325"}],"curies":[{"name":"wp","href":"https:\/\/api.w.org\/{rel}","templated":true}]}}