{"id":328,"date":"2020-09-30T11:55:36","date_gmt":"2020-09-30T09:55:36","guid":{"rendered":"http:\/\/pierrehenriet.fr\/?p=328"},"modified":"2021-01-21T11:56:04","modified_gmt":"2021-01-21T10:56:04","slug":"deconcentration-des-services-de-la-dgfip-a-fontenay-le-comte","status":"publish","type":"post","link":"https:\/\/pierrehenriet.fr\/index.php\/2020\/09\/30\/deconcentration-des-services-de-la-dgfip-a-fontenay-le-comte\/","title":{"rendered":"D\u00e9concentration des services de la DGFiP \u00e0 Fontenay-le-Comte"},"content":{"rendered":"\n<p>Le 13 octobre dernier, le Minist\u00e8re de\nl\u2019\u00c9conomie, des Finances et de la Relance lan\u00e7ait un appel \u00e0 candidatures dans\nles territoires ruraux pour accueillir une partie des services d\u00e9concentr\u00e9s de\nla Direction g\u00e9n\u00e9rale des Finances publiques (DGFiP).<\/p>\n\n\n\n<p>En janvier 2020, 50 villes en France ont\n\u00e9t\u00e9 retenues dont Fontenay-le-Comte.<\/p>\n\n\n\n<p>Le d\u00e9put\u00e9 Pierre Henriet r\u00e9agit<em>&nbsp;:<\/em><\/p>\n\n\n\n<p><em>\u00ab&nbsp;D\u00e8s la fin de l\u2019ann\u00e9e 2019, j\u2019ai\nappuy\u00e9 le dossier de candidature aupr\u00e8s du Ministre. Cette op\u00e9ration de\nd\u00e9concentration a \u00e9t\u00e9 lanc\u00e9e \u00e0 l\u2019Assembl\u00e9e nationale conjointement avec le\nMinist\u00e8re de l\u2019\u00c9conomie, des Finances et de la Relance pour soutenir les\nterritoires ruraux.<\/em><\/p>\n\n\n\n<p><strong><em>Fontenay-le-Comte va accueillir une antenne de services des imp\u00f4ts\ndes entreprises qui comptera une vingtaine d\u2019emplois pour une mise en place\npr\u00e9vue \u00e0 compter de 2023<\/em><\/strong><em>. Il y aura de\nbelles retomb\u00e9es \u00e9conomiques et des emplois stables g\u00e9n\u00e9r\u00e9s par l\u2019installation\nde cette antenne de la DGFiP. Ces services d\u00e9concentr\u00e9s sont un message de\nproximit\u00e9 que nous devons poursuivre.<\/em><\/p>\n\n\n\n<p><em>Le projet de loi 3D (d\u00e9centralisation,\nd\u00e9concentration et diff\u00e9rentiation) ira dans le prolongement de cette action\nafin de redonner toute confiance \u00e0 nos territoires.<\/em><\/p>\n\n\n\n<p><em>Une deuxi\u00e8me vague de s\u00e9lection aura lieu\ndans les prochains mois pour offrir un maillage territorial des services\npublics le plus fin possible. La ville de Lu\u00e7on ayant \u00e9galement postul\u00e9,\nj\u2019appuierai leur dossier afin de compl\u00e9ter la d\u00e9concentration des services de\nl\u2019\u00c9tat. \u00bb<\/em><em><\/em><\/p>\n","protected":false},"excerpt":{"rendered":"<p>Le 13 octobre dernier, le Minist\u00e8re de l\u2019\u00c9conomie, des Finances et de la Relance lan\u00e7ait un appel \u00e0 candidatures dans les territoires ruraux pour accueillir une partie des services d\u00e9concentr\u00e9s de la Direction g\u00e9n\u00e9rale des Finances publiques (DGFiP). En janvier 2020, 50 villes en France ont \u00e9t\u00e9 retenues dont Fontenay-le-Comte. Le d\u00e9put\u00e9 Pierre Henriet r\u00e9agit&nbsp;: [&hellip;]<\/p>\n","protected":false},"author":1,"featured_media":314,"comment_status":"closed","ping_status":"closed","sticky":false,"template":"","format":"standard","meta":{"inline_featured_image":false,"_uag_custom_page_level_css":"","footnotes":""},"categories":[5],"tags":[],"class_list":["post-328","post","type-post","status-publish","format-standard","has-post-thumbnail","hentry","category-communique-de-presse"],"uagb_featured_image_src":{"full":["https:\/\/pierrehenriet.fr\/wp-content\/uploads\/2021\/01\/dgfip.png",1280,681,false],"thumbnail":["https:\/\/pierrehenriet.fr\/wp-content\/uploads\/2021\/01\/dgfip-150x150.png",150,150,true],"medium":["https:\/\/pierrehenriet.fr\/wp-content\/uploads\/2021\/01\/dgfip-300x160.png",300,160,true],"medium_large":["https:\/\/pierrehenriet.fr\/wp-content\/uploads\/2021\/01\/dgfip-768x409.png",768,409,true],"large":["https:\/\/pierrehenriet.fr\/wp-content\/uploads\/2021\/01\/dgfip-1024x545.png",1024,545,true],"post-slider-thumb-size":["https:\/\/pierrehenriet.fr\/wp-content\/uploads\/2021\/01\/dgfip-330x190.png",330,190,true],"post-category-slider-size":["https:\/\/pierrehenriet.fr\/wp-content\/uploads\/2021\/01\/dgfip.png",330,176,false],"1536x1536":["https:\/\/pierrehenriet.fr\/wp-content\/uploads\/2021\/01\/dgfip.png",1280,681,false],"2048x2048":["https:\/\/pierrehenriet.fr\/wp-content\/uploads\/2021\/01\/dgfip.png",1280,681,false]},"uagb_author_info":{"display_name":"Pierre Henriet","author_link":"https:\/\/pierrehenriet.fr\/index.php\/author\/admin8155\/"},"uagb_comment_info":0,"uagb_excerpt":"Le 13 octobre dernier, le Minist\u00e8re de l\u2019\u00c9conomie, des Finances et de la Relance lan\u00e7ait un appel \u00e0 candidatures dans les territoires ruraux pour accueillir une partie des services d\u00e9concentr\u00e9s de la Direction g\u00e9n\u00e9rale des Finances publiques (DGFiP). En janvier 2020, 50 villes en France ont \u00e9t\u00e9 retenues dont Fontenay-le-Comte. Le d\u00e9put\u00e9 Pierre Henriet r\u00e9agit&nbsp;:\u2026","_links":{"self":[{"href":"https:\/\/pierrehenriet.fr\/index.php\/wp-json\/wp\/v2\/posts\/328","targetHints":{"allow":["GET"]}}],"collection":[{"href":"https:\/\/pierrehenriet.fr\/index.php\/wp-json\/wp\/v2\/posts"}],"about":[{"href":"https:\/\/pierrehenriet.fr\/index.php\/wp-json\/wp\/v2\/types\/post"}],"author":[{"embeddable":true,"href":"https:\/\/pierrehenriet.fr\/index.php\/wp-json\/wp\/v2\/users\/1"}],"replies":[{"embeddable":true,"href":"https:\/\/pierrehenriet.fr\/index.php\/wp-json\/wp\/v2\/comments?post=328"}],"version-history":[{"count":1,"href":"https:\/\/pierrehenriet.fr\/index.php\/wp-json\/wp\/v2\/posts\/328\/revisions"}],"predecessor-version":[{"id":329,"href":"https:\/\/pierrehenriet.fr\/index.php\/wp-json\/wp\/v2\/posts\/328\/revisions\/329"}],"wp:featuredmedia":[{"embeddable":true,"href":"https:\/\/pierrehenriet.fr\/index.php\/wp-json\/wp\/v2\/media\/314"}],"wp:attachment":[{"href":"https:\/\/pierrehenriet.fr\/index.php\/wp-json\/wp\/v2\/media?parent=328"}],"wp:term":[{"taxonomy":"category","embeddable":true,"href":"https:\/\/pierrehenriet.fr\/index.php\/wp-json\/wp\/v2\/categories?post=328"},{"taxonomy":"post_tag","embeddable":true,"href":"https:\/\/pierrehenriet.fr\/index.php\/wp-json\/wp\/v2\/tags?post=328"}],"curies":[{"name":"wp","href":"https:\/\/api.w.org\/{rel}","templated":true}]}}