{"id":338,"date":"2021-01-16T12:05:02","date_gmt":"2021-01-16T11:05:02","guid":{"rendered":"http:\/\/pierrehenriet.fr\/?p=338"},"modified":"2021-01-21T12:36:36","modified_gmt":"2021-01-21T11:36:36","slug":"pour-un-logo-departemental-sur-les-plaques-dimmatriculation","status":"publish","type":"post","link":"https:\/\/pierrehenriet.fr\/index.php\/2021\/01\/16\/pour-un-logo-departemental-sur-les-plaques-dimmatriculation\/","title":{"rendered":"Pour un logo d\u00e9partemental sur les plaques d\u2019immatriculation"},"content":{"rendered":"\n<p>La Cour de cassation a r\u00e9cemment confirm\u00e9\nl\u2019impossibilit\u00e9 de mettre une \u00e9tiquette du logo d\u2019un d\u00e9partement sur les\nplaques d\u2019immatriculation. Pierre Henriet, d\u00e9put\u00e9 de la Vend\u00e9e, tient \u00e0 r\u00e9agir :<\/p>\n\n\n\n<p><em>\u00ab&nbsp;Beaucoup de nos concitoyens se sont\n\u00e9mus de cette d\u00e9cision, c\u2019est particuli\u00e8rement le cas en Vend\u00e9e o\u00f9\nl\u2019attachement \u00e0 l\u2019identit\u00e9 du d\u00e9partement est fort. Je regrette cette d\u00e9cision\nde justice qui est d\u2019autant plus incompr\u00e9hensible que la justice r\u00e9v\u00e8le parfois\nun manque d\u2019approche du terrain.<\/em><\/p>\n\n\n\n<p><em>Mais au-del\u00e0 des regrets, nos concitoyens\ndemandent \u00e0 leurs \u00e9lus d\u2019agir. J\u2019ai donc saisi le Ministre de l\u2019Int\u00e9rieur au\nJournal officiel en lui proposant de pouvoir mettre le logo du d\u00e9partement au\nlieu du logo de la r\u00e9gion (question n\u00b0 2021-02-00196). Aujourd\u2019hui c\u2019est un\narr\u00eat\u00e9 du 9 f\u00e9vrier 2009 qui pr\u00e9cise les conditions d\u2019identification des\nplaques d\u2019immatriculation. Il convient donc de revoir ces conditions.<\/em><\/p>\n\n\n\n<p><em>Je pr\u00e9cise qu&rsquo;il est toujours possible de\nmettre une \u00e9tiquette \u00e0 c\u00f4t\u00e9 de la plaque d\u2019immatriculation (et non dessus) afin\nde manifester son attachement \u00e0 notre territoire. \u00bb<\/em><\/p>\n","protected":false},"excerpt":{"rendered":"<p>La Cour de cassation a r\u00e9cemment confirm\u00e9 l\u2019impossibilit\u00e9 de mettre une \u00e9tiquette du logo d\u2019un d\u00e9partement sur les plaques d\u2019immatriculation. Pierre Henriet, d\u00e9put\u00e9 de la Vend\u00e9e, tient \u00e0 r\u00e9agir : \u00ab&nbsp;Beaucoup de nos concitoyens se sont \u00e9mus de cette d\u00e9cision, c\u2019est particuli\u00e8rement le cas en Vend\u00e9e o\u00f9 l\u2019attachement \u00e0 l\u2019identit\u00e9 du d\u00e9partement est fort. Je [&hellip;]<\/p>\n","protected":false},"author":1,"featured_media":339,"comment_status":"closed","ping_status":"closed","sticky":false,"template":"","format":"standard","meta":{"inline_featured_image":false,"_uag_custom_page_level_css":"","footnotes":""},"categories":[5],"tags":[],"class_list":["post-338","post","type-post","status-publish","format-standard","has-post-thumbnail","hentry","category-communique-de-presse"],"uagb_featured_image_src":{"full":["https:\/\/pierrehenriet.fr\/wp-content\/uploads\/2021\/01\/logo-plaque.png",1200,877,false],"thumbnail":["https:\/\/pierrehenriet.fr\/wp-content\/uploads\/2021\/01\/logo-plaque-150x150.png",150,150,true],"medium":["https:\/\/pierrehenriet.fr\/wp-content\/uploads\/2021\/01\/logo-plaque-300x219.png",300,219,true],"medium_large":["https:\/\/pierrehenriet.fr\/wp-content\/uploads\/2021\/01\/logo-plaque-768x561.png",768,561,true],"large":["https:\/\/pierrehenriet.fr\/wp-content\/uploads\/2021\/01\/logo-plaque-1024x748.png",1024,748,true],"post-slider-thumb-size":["https:\/\/pierrehenriet.fr\/wp-content\/uploads\/2021\/01\/logo-plaque-330x190.png",330,190,true],"post-category-slider-size":["https:\/\/pierrehenriet.fr\/wp-content\/uploads\/2021\/01\/logo-plaque.png",330,241,false],"1536x1536":["https:\/\/pierrehenriet.fr\/wp-content\/uploads\/2021\/01\/logo-plaque.png",1200,877,false],"2048x2048":["https:\/\/pierrehenriet.fr\/wp-content\/uploads\/2021\/01\/logo-plaque.png",1200,877,false]},"uagb_author_info":{"display_name":"Pierre Henriet","author_link":"https:\/\/pierrehenriet.fr\/index.php\/author\/admin8155\/"},"uagb_comment_info":0,"uagb_excerpt":"La Cour de cassation a r\u00e9cemment confirm\u00e9 l\u2019impossibilit\u00e9 de mettre une \u00e9tiquette du logo d\u2019un d\u00e9partement sur les plaques d\u2019immatriculation. Pierre Henriet, d\u00e9put\u00e9 de la Vend\u00e9e, tient \u00e0 r\u00e9agir : \u00ab&nbsp;Beaucoup de nos concitoyens se sont \u00e9mus de cette d\u00e9cision, c\u2019est particuli\u00e8rement le cas en Vend\u00e9e o\u00f9 l\u2019attachement \u00e0 l\u2019identit\u00e9 du d\u00e9partement est fort. Je\u2026","_links":{"self":[{"href":"https:\/\/pierrehenriet.fr\/index.php\/wp-json\/wp\/v2\/posts\/338","targetHints":{"allow":["GET"]}}],"collection":[{"href":"https:\/\/pierrehenriet.fr\/index.php\/wp-json\/wp\/v2\/posts"}],"about":[{"href":"https:\/\/pierrehenriet.fr\/index.php\/wp-json\/wp\/v2\/types\/post"}],"author":[{"embeddable":true,"href":"https:\/\/pierrehenriet.fr\/index.php\/wp-json\/wp\/v2\/users\/1"}],"replies":[{"embeddable":true,"href":"https:\/\/pierrehenriet.fr\/index.php\/wp-json\/wp\/v2\/comments?post=338"}],"version-history":[{"count":1,"href":"https:\/\/pierrehenriet.fr\/index.php\/wp-json\/wp\/v2\/posts\/338\/revisions"}],"predecessor-version":[{"id":340,"href":"https:\/\/pierrehenriet.fr\/index.php\/wp-json\/wp\/v2\/posts\/338\/revisions\/340"}],"wp:featuredmedia":[{"embeddable":true,"href":"https:\/\/pierrehenriet.fr\/index.php\/wp-json\/wp\/v2\/media\/339"}],"wp:attachment":[{"href":"https:\/\/pierrehenriet.fr\/index.php\/wp-json\/wp\/v2\/media?parent=338"}],"wp:term":[{"taxonomy":"category","embeddable":true,"href":"https:\/\/pierrehenriet.fr\/index.php\/wp-json\/wp\/v2\/categories?post=338"},{"taxonomy":"post_tag","embeddable":true,"href":"https:\/\/pierrehenriet.fr\/index.php\/wp-json\/wp\/v2\/tags?post=338"}],"curies":[{"name":"wp","href":"https:\/\/api.w.org\/{rel}","templated":true}]}}