{"id":796,"date":"2021-01-16T10:00:00","date_gmt":"2021-01-16T09:00:00","guid":{"rendered":"http:\/\/pierrehenriet.fr\/?p=796"},"modified":"2022-01-06T21:56:08","modified_gmt":"2022-01-06T20:56:08","slug":"associer-les-dispositifs-pour-attirer-de-nouveaux-medecins","status":"publish","type":"post","link":"https:\/\/pierrehenriet.fr\/index.php\/2021\/01\/16\/associer-les-dispositifs-pour-attirer-de-nouveaux-medecins\/","title":{"rendered":"Associer les dispositifs pour attirer de nouveaux m\u00e9decins"},"content":{"rendered":"\n<p>Dans un article paru le 20 janvier 2021, le maire de Saint-Hermine d\u00e9plore le classement par l\u2019ARS de la commune de Saint-Hermine en zone d\u2019action compl\u00e9mentaire. Pierre Henriet, d\u00e9put\u00e9 de la Vend\u00e9e, tient \u00e0 r\u00e9agir :<\/p>\n\n\n\n<p><em>\u00ab Aujourd\u2019hui, les aides li\u00e9es \u00e0 la zone de revitalisation rurale (ZRR) et \u00e0 la zone d\u2019action compl\u00e9mentaire (ZAC) \u2013 nouveau dispositif de l\u2019ARS pour la commune \u2013 sont tout aussi avantageuses qu\u2019auparavant : exon\u00e9rations de charges sociales, d\u2019imp\u00f4ts sur les b\u00e9n\u00e9fices notamment, compl\u00e9t\u00e9es par des aides d\u2019\u00c9tat et de l\u2019assurance maladie.<\/em><\/p>\n\n\n\n<p><em>L\u2019argent ne fait pas tout. Il faut poursuivre la coop\u00e9ration entre les professionnels de sant\u00e9 et \u00e9lus locaux car l\u2019attractivit\u00e9 des m\u00e9decins n\u2019est pas seulement une volont\u00e9 politique, c\u2019est avant tout un travail d\u2019organisation entre professionnels de sant\u00e9 pour cr\u00e9er les conditions d\u2019accueil de nouveaux m\u00e9decins.<\/em><\/p>\n\n\n\n<p><em>Monsieur le Maire de Sainte-Hermine n\u2019est pas seul. Je salue le travail effectu\u00e9 par les \u00e9lus communautaires de Sud Vend\u00e9e Littoral pour la r\u00e9alisation du Contrat local de Sant\u00e9 qui propose des solutions en partenariat avec tous les acteurs de la sant\u00e9 sur notre territoire. \u00bb<\/em><\/p>\n","protected":false},"excerpt":{"rendered":"<p>Dans un article paru le 20 janvier 2021, le maire de Saint-Hermine d\u00e9plore le classement par l\u2019ARS de la commune de Saint-Hermine en zone d\u2019action compl\u00e9mentaire. Pierre Henriet, d\u00e9put\u00e9 de la Vend\u00e9e, tient \u00e0 r\u00e9agir : \u00ab Aujourd\u2019hui, les aides li\u00e9es \u00e0 la zone de revitalisation rurale (ZRR) et \u00e0 la zone d\u2019action compl\u00e9mentaire (ZAC) [&hellip;]<\/p>\n","protected":false},"author":1,"featured_media":799,"comment_status":"closed","ping_status":"closed","sticky":false,"template":"","format":"standard","meta":{"inline_featured_image":false,"_uag_custom_page_level_css":"","footnotes":""},"categories":[5],"tags":[],"class_list":["post-796","post","type-post","status-publish","format-standard","has-post-thumbnail","hentry","category-communique-de-presse"],"uagb_featured_image_src":{"full":["https:\/\/pierrehenriet.fr\/wp-content\/uploads\/2021\/01\/cab-sante\u0301-ste-hermine.jpeg",640,360,false],"thumbnail":["https:\/\/pierrehenriet.fr\/wp-content\/uploads\/2021\/01\/cab-sante\u0301-ste-hermine-150x150.jpeg",150,150,true],"medium":["https:\/\/pierrehenriet.fr\/wp-content\/uploads\/2021\/01\/cab-sante\u0301-ste-hermine-300x169.jpeg",300,169,true],"medium_large":["https:\/\/pierrehenriet.fr\/wp-content\/uploads\/2021\/01\/cab-sante\u0301-ste-hermine.jpeg",640,360,false],"large":["https:\/\/pierrehenriet.fr\/wp-content\/uploads\/2021\/01\/cab-sante\u0301-ste-hermine.jpeg",640,360,false],"post-slider-thumb-size":["https:\/\/pierrehenriet.fr\/wp-content\/uploads\/2021\/01\/cab-sante\u0301-ste-hermine-330x190.jpeg",330,190,true],"post-category-slider-size":["https:\/\/pierrehenriet.fr\/wp-content\/uploads\/2021\/01\/cab-sante\u0301-ste-hermine-330x350.jpeg",330,350,true],"1536x1536":["https:\/\/pierrehenriet.fr\/wp-content\/uploads\/2021\/01\/cab-sante\u0301-ste-hermine.jpeg",640,360,false],"2048x2048":["https:\/\/pierrehenriet.fr\/wp-content\/uploads\/2021\/01\/cab-sante\u0301-ste-hermine.jpeg",640,360,false]},"uagb_author_info":{"display_name":"Pierre Henriet","author_link":"https:\/\/pierrehenriet.fr\/index.php\/author\/admin8155\/"},"uagb_comment_info":0,"uagb_excerpt":"Dans un article paru le 20 janvier 2021, le maire de Saint-Hermine d\u00e9plore le classement par l\u2019ARS de la commune de Saint-Hermine en zone d\u2019action compl\u00e9mentaire. Pierre Henriet, d\u00e9put\u00e9 de la Vend\u00e9e, tient \u00e0 r\u00e9agir : \u00ab Aujourd\u2019hui, les aides li\u00e9es \u00e0 la zone de revitalisation rurale (ZRR) et \u00e0 la zone d\u2019action compl\u00e9mentaire (ZAC)\u2026","_links":{"self":[{"href":"https:\/\/pierrehenriet.fr\/index.php\/wp-json\/wp\/v2\/posts\/796","targetHints":{"allow":["GET"]}}],"collection":[{"href":"https:\/\/pierrehenriet.fr\/index.php\/wp-json\/wp\/v2\/posts"}],"about":[{"href":"https:\/\/pierrehenriet.fr\/index.php\/wp-json\/wp\/v2\/types\/post"}],"author":[{"embeddable":true,"href":"https:\/\/pierrehenriet.fr\/index.php\/wp-json\/wp\/v2\/users\/1"}],"replies":[{"embeddable":true,"href":"https:\/\/pierrehenriet.fr\/index.php\/wp-json\/wp\/v2\/comments?post=796"}],"version-history":[{"count":1,"href":"https:\/\/pierrehenriet.fr\/index.php\/wp-json\/wp\/v2\/posts\/796\/revisions"}],"predecessor-version":[{"id":797,"href":"https:\/\/pierrehenriet.fr\/index.php\/wp-json\/wp\/v2\/posts\/796\/revisions\/797"}],"wp:featuredmedia":[{"embeddable":true,"href":"https:\/\/pierrehenriet.fr\/index.php\/wp-json\/wp\/v2\/media\/799"}],"wp:attachment":[{"href":"https:\/\/pierrehenriet.fr\/index.php\/wp-json\/wp\/v2\/media?parent=796"}],"wp:term":[{"taxonomy":"category","embeddable":true,"href":"https:\/\/pierrehenriet.fr\/index.php\/wp-json\/wp\/v2\/categories?post=796"},{"taxonomy":"post_tag","embeddable":true,"href":"https:\/\/pierrehenriet.fr\/index.php\/wp-json\/wp\/v2\/tags?post=796"}],"curies":[{"name":"wp","href":"https:\/\/api.w.org\/{rel}","templated":true}]}}