{"id":810,"date":"2021-07-21T10:09:00","date_gmt":"2021-07-21T08:09:00","guid":{"rendered":"http:\/\/pierrehenriet.fr\/?p=810"},"modified":"2022-01-06T22:13:00","modified_gmt":"2022-01-06T21:13:00","slug":"loi-instaurant-le-pass-sanitaire","status":"publish","type":"post","link":"https:\/\/pierrehenriet.fr\/index.php\/2021\/07\/21\/loi-instaurant-le-pass-sanitaire\/","title":{"rendered":"Loi instaurant le pass sanitaire"},"content":{"rendered":"\n<p>Alors que le d\u00e9bat sur l\u2019obligation vaccinale et le passe sanitaire d\u00e9bute ce mercredi 21 juillet \u00e0 l\u2019Assembl\u00e9e nationale, Pierre Henriet, d\u00e9put\u00e9 de la Vend\u00e9e, tient \u00e0 r\u00e9agir :<\/p>\n\n\n\n<p>\u00ab Depuis les annonces du Pr\u00e9sident de la R\u00e9publique, j\u2019ai eu l\u2019occasion d\u2019avoir de nombreux retours de terrain en Vend\u00e9e pour consolider mes prises de position.<\/p>\n\n\n\n<p>L\u2019intensification de la vaccination est une bonne nouvelle. <strong>La vaccination est la seule solution pour sortir de cette pand\u00e9mie.<\/strong> \u00c0 chaque citoyen de prendre ses responsabilit\u00e9s afin de ne pas entraver la libert\u00e9 d\u2019autrui et ainsi \u00e9viter un reconfinement qui toucherait tout le monde. Dans toute civilisation fraternelle, la libert\u00e9 s\u2019\u00e9quilibre entre libert\u00e9s collectives et libert\u00e9s individuelles.<\/p>\n\n\n\n<p>Mais <strong>l\u2019obligation g\u00e9n\u00e9ralis\u00e9e du passe sanitaire dans un temps aussi court n\u2019est pas adapt\u00e9e <\/strong>compte tenu du d\u00e9lai pour prendre rendez-vous dans un centre de vaccination et du d\u00e9lai entre les deux injections. <strong>Un d\u00e9lai suppl\u00e9mentaire pour l\u2019\u00e9t\u00e9 est donc souhaitable <\/strong>dans la continuit\u00e9 de la souplesse annonc\u00e9e pour les jeunes de 12-17 ans qui ont eu acc\u00e8s \u00e0 la vaccination tardivement. <strong>Sans cela, les mesures vot\u00e9es ne seront que partiellement appliqu\u00e9es, cela aura pour seule cons\u00e9quence un affaiblissement de l\u2019autorit\u00e9 de l\u2019\u00c9tat.<\/strong><\/p>\n\n\n\n<p><strong>Il faut encourager ceux qui se font vacciner, <\/strong>y compris ceux qui ont eu leur premi\u00e8re injection<strong>, et \u00e9viter des sanctions p\u00e9nales <\/strong>notamment aupr\u00e8s des professionnels de la restauration et des g\u00e9rants d\u2019\u00e9tablissements recevant du public (lieux culturels, zoos, piscines, etc.). \u00bb<\/p>\n","protected":false},"excerpt":{"rendered":"<p>Alors que le d\u00e9bat sur l\u2019obligation vaccinale et le passe sanitaire d\u00e9bute ce mercredi 21 juillet \u00e0 l\u2019Assembl\u00e9e nationale, Pierre Henriet, d\u00e9put\u00e9 de la Vend\u00e9e, tient \u00e0 r\u00e9agir : \u00ab Depuis les annonces du Pr\u00e9sident de la R\u00e9publique, j\u2019ai eu l\u2019occasion d\u2019avoir de nombreux retours de terrain en Vend\u00e9e pour consolider mes prises de position. [&hellip;]<\/p>\n","protected":false},"author":1,"featured_media":811,"comment_status":"closed","ping_status":"closed","sticky":false,"template":"","format":"standard","meta":{"inline_featured_image":false,"_uag_custom_page_level_css":"","footnotes":""},"categories":[5],"tags":[],"class_list":["post-810","post","type-post","status-publish","format-standard","has-post-thumbnail","hentry","category-communique-de-presse"],"uagb_featured_image_src":{"full":["https:\/\/pierrehenriet.fr\/wp-content\/uploads\/2022\/01\/csm_News_960x660_099b453f6c.webp",1024,585,false],"thumbnail":["https:\/\/pierrehenriet.fr\/wp-content\/uploads\/2022\/01\/csm_News_960x660_099b453f6c.webp",150,86,false],"medium":["https:\/\/pierrehenriet.fr\/wp-content\/uploads\/2022\/01\/csm_News_960x660_099b453f6c.webp",300,171,false],"medium_large":["https:\/\/pierrehenriet.fr\/wp-content\/uploads\/2022\/01\/csm_News_960x660_099b453f6c.webp",768,439,false],"large":["https:\/\/pierrehenriet.fr\/wp-content\/uploads\/2022\/01\/csm_News_960x660_099b453f6c.webp",1024,585,false],"post-slider-thumb-size":["https:\/\/pierrehenriet.fr\/wp-content\/uploads\/2022\/01\/csm_News_960x660_099b453f6c.webp",330,190,false],"post-category-slider-size":["https:\/\/pierrehenriet.fr\/wp-content\/uploads\/2022\/01\/csm_News_960x660_099b453f6c.webp",330,189,false],"1536x1536":["https:\/\/pierrehenriet.fr\/wp-content\/uploads\/2022\/01\/csm_News_960x660_099b453f6c.webp",1024,585,false],"2048x2048":["https:\/\/pierrehenriet.fr\/wp-content\/uploads\/2022\/01\/csm_News_960x660_099b453f6c.webp",1024,585,false]},"uagb_author_info":{"display_name":"Pierre Henriet","author_link":"https:\/\/pierrehenriet.fr\/index.php\/author\/admin8155\/"},"uagb_comment_info":0,"uagb_excerpt":"Alors que le d\u00e9bat sur l\u2019obligation vaccinale et le passe sanitaire d\u00e9bute ce mercredi 21 juillet \u00e0 l\u2019Assembl\u00e9e nationale, Pierre Henriet, d\u00e9put\u00e9 de la Vend\u00e9e, tient \u00e0 r\u00e9agir : \u00ab Depuis les annonces du Pr\u00e9sident de la R\u00e9publique, j\u2019ai eu l\u2019occasion d\u2019avoir de nombreux retours de terrain en Vend\u00e9e pour consolider mes prises de position.\u2026","_links":{"self":[{"href":"https:\/\/pierrehenriet.fr\/index.php\/wp-json\/wp\/v2\/posts\/810","targetHints":{"allow":["GET"]}}],"collection":[{"href":"https:\/\/pierrehenriet.fr\/index.php\/wp-json\/wp\/v2\/posts"}],"about":[{"href":"https:\/\/pierrehenriet.fr\/index.php\/wp-json\/wp\/v2\/types\/post"}],"author":[{"embeddable":true,"href":"https:\/\/pierrehenriet.fr\/index.php\/wp-json\/wp\/v2\/users\/1"}],"replies":[{"embeddable":true,"href":"https:\/\/pierrehenriet.fr\/index.php\/wp-json\/wp\/v2\/comments?post=810"}],"version-history":[{"count":1,"href":"https:\/\/pierrehenriet.fr\/index.php\/wp-json\/wp\/v2\/posts\/810\/revisions"}],"predecessor-version":[{"id":812,"href":"https:\/\/pierrehenriet.fr\/index.php\/wp-json\/wp\/v2\/posts\/810\/revisions\/812"}],"wp:featuredmedia":[{"embeddable":true,"href":"https:\/\/pierrehenriet.fr\/index.php\/wp-json\/wp\/v2\/media\/811"}],"wp:attachment":[{"href":"https:\/\/pierrehenriet.fr\/index.php\/wp-json\/wp\/v2\/media?parent=810"}],"wp:term":[{"taxonomy":"category","embeddable":true,"href":"https:\/\/pierrehenriet.fr\/index.php\/wp-json\/wp\/v2\/categories?post=810"},{"taxonomy":"post_tag","embeddable":true,"href":"https:\/\/pierrehenriet.fr\/index.php\/wp-json\/wp\/v2\/tags?post=810"}],"curies":[{"name":"wp","href":"https:\/\/api.w.org\/{rel}","templated":true}]}}