{"id":813,"date":"2021-09-02T10:13:00","date_gmt":"2021-09-02T08:13:00","guid":{"rendered":"http:\/\/pierrehenriet.fr\/?p=813"},"modified":"2022-01-06T22:15:21","modified_gmt":"2022-01-06T21:15:21","slug":"2-septembre-1944-77e-anniversaire-de-la-liberation","status":"publish","type":"post","link":"https:\/\/pierrehenriet.fr\/index.php\/2021\/09\/02\/2-septembre-1944-77e-anniversaire-de-la-liberation\/","title":{"rendered":"2 septembre 1944 : 77e anniversaire de la Lib\u00e9ration"},"content":{"rendered":"\n<p>Le 2 septembre 1944, apr\u00e8s plus de 4 ans d\u2019occupation, la ville de Fontenay-le-Comte est lib\u00e9r\u00e9e de l\u2019oppression nazie.<\/p>\n\n\n\n<p>Ce jeudi 2 septembre 2021, jour de comm\u00e9moration du 77<sup>e<\/sup> anniversaire de la lib\u00e9ration de la ville de Fontenay-le-Comte, Pierre Henriet, D\u00e9put\u00e9 de la Vend\u00e9e, ira d\u00e9poser une gerbe de fleurs au monument aux Morts en hommage \u00e0 ceux qui ont pay\u00e9 de leur vie pour que les Fontenaisiens retrouvent leur Libert\u00e9.<\/p>\n\n\n\n<p>Apr\u00e8s plusieurs ann\u00e9es d\u2019interpellation, il r\u00e9it\u00e8re son souhait qu\u2019\u00e0 l\u2019avenir la municipalit\u00e9 de Fontenay se joigne \u00e0 cet \u00e9v\u00e9nement, notamment dans la perspective du M\u00e9morial de la R\u00e9sistance et la D\u00e9portation.<\/p>\n\n\n\n<p>Souvenons-nous du prix qu\u2019il en a co\u00fbt\u00e9 \u00e0 ces R\u00e9sistants, \u00e0 ces milliers de Soldats du 93e R\u00e9giment d&rsquo;infanterie, aux groupes du capitaine Thizon, de Ren\u00e9 Serceau et du r\u00e9seau Lib\u00e9nord.<\/p>\n\n\n\n<p>Souvenons-nous de Robert Bonnaud et Constantin Bouron, deux figures de la R\u00e9sistance fontenaisienne, morts en d\u00e9portation pour ne pas avoir trahi leurs camarades.<\/p>\n\n\n\n<p>La Seconde Guerre mondiale \u00e0 Fontenay, ce sont 26 morts sur le front, 5 en captivit\u00e9, 19 en d\u00e9portation et 2 fusill\u00e9s. Ils nous ont apport\u00e9 la Libert\u00e9, nous leur devons l\u2019Honneur. Ne les oublions jamais\u2026<\/p>\n","protected":false},"excerpt":{"rendered":"<p>Le 2 septembre 1944, apr\u00e8s plus de 4 ans d\u2019occupation, la ville de Fontenay-le-Comte est lib\u00e9r\u00e9e de l\u2019oppression nazie. Ce jeudi 2 septembre 2021, jour de comm\u00e9moration du 77e anniversaire de la lib\u00e9ration de la ville de Fontenay-le-Comte, Pierre Henriet, D\u00e9put\u00e9 de la Vend\u00e9e, ira d\u00e9poser une gerbe de fleurs au monument aux Morts en [&hellip;]<\/p>\n","protected":false},"author":1,"featured_media":814,"comment_status":"closed","ping_status":"closed","sticky":false,"template":"","format":"standard","meta":{"inline_featured_image":false,"_uag_custom_page_level_css":"","footnotes":""},"categories":[5],"tags":[],"class_list":["post-813","post","type-post","status-publish","format-standard","has-post-thumbnail","hentry","category-communique-de-presse"],"uagb_featured_image_src":{"full":["https:\/\/pierrehenriet.fr\/wp-content\/uploads\/2022\/01\/IMG_6920.jpg",1280,960,false],"thumbnail":["https:\/\/pierrehenriet.fr\/wp-content\/uploads\/2022\/01\/IMG_6920-150x150.jpg",150,150,true],"medium":["https:\/\/pierrehenriet.fr\/wp-content\/uploads\/2022\/01\/IMG_6920-300x225.jpg",300,225,true],"medium_large":["https:\/\/pierrehenriet.fr\/wp-content\/uploads\/2022\/01\/IMG_6920-768x576.jpg",768,576,true],"large":["https:\/\/pierrehenriet.fr\/wp-content\/uploads\/2022\/01\/IMG_6920-1024x768.jpg",1024,768,true],"post-slider-thumb-size":["https:\/\/pierrehenriet.fr\/wp-content\/uploads\/2022\/01\/IMG_6920-330x190.jpg",330,190,true],"post-category-slider-size":["https:\/\/pierrehenriet.fr\/wp-content\/uploads\/2022\/01\/IMG_6920-330x350.jpg",330,350,true],"1536x1536":["https:\/\/pierrehenriet.fr\/wp-content\/uploads\/2022\/01\/IMG_6920.jpg",1280,960,false],"2048x2048":["https:\/\/pierrehenriet.fr\/wp-content\/uploads\/2022\/01\/IMG_6920.jpg",1280,960,false]},"uagb_author_info":{"display_name":"Pierre Henriet","author_link":"https:\/\/pierrehenriet.fr\/index.php\/author\/admin8155\/"},"uagb_comment_info":0,"uagb_excerpt":"Le 2 septembre 1944, apr\u00e8s plus de 4 ans d\u2019occupation, la ville de Fontenay-le-Comte est lib\u00e9r\u00e9e de l\u2019oppression nazie. Ce jeudi 2 septembre 2021, jour de comm\u00e9moration du 77e anniversaire de la lib\u00e9ration de la ville de Fontenay-le-Comte, Pierre Henriet, D\u00e9put\u00e9 de la Vend\u00e9e, ira d\u00e9poser une gerbe de fleurs au monument aux Morts en\u2026","_links":{"self":[{"href":"https:\/\/pierrehenriet.fr\/index.php\/wp-json\/wp\/v2\/posts\/813","targetHints":{"allow":["GET"]}}],"collection":[{"href":"https:\/\/pierrehenriet.fr\/index.php\/wp-json\/wp\/v2\/posts"}],"about":[{"href":"https:\/\/pierrehenriet.fr\/index.php\/wp-json\/wp\/v2\/types\/post"}],"author":[{"embeddable":true,"href":"https:\/\/pierrehenriet.fr\/index.php\/wp-json\/wp\/v2\/users\/1"}],"replies":[{"embeddable":true,"href":"https:\/\/pierrehenriet.fr\/index.php\/wp-json\/wp\/v2\/comments?post=813"}],"version-history":[{"count":1,"href":"https:\/\/pierrehenriet.fr\/index.php\/wp-json\/wp\/v2\/posts\/813\/revisions"}],"predecessor-version":[{"id":815,"href":"https:\/\/pierrehenriet.fr\/index.php\/wp-json\/wp\/v2\/posts\/813\/revisions\/815"}],"wp:featuredmedia":[{"embeddable":true,"href":"https:\/\/pierrehenriet.fr\/index.php\/wp-json\/wp\/v2\/media\/814"}],"wp:attachment":[{"href":"https:\/\/pierrehenriet.fr\/index.php\/wp-json\/wp\/v2\/media?parent=813"}],"wp:term":[{"taxonomy":"category","embeddable":true,"href":"https:\/\/pierrehenriet.fr\/index.php\/wp-json\/wp\/v2\/categories?post=813"},{"taxonomy":"post_tag","embeddable":true,"href":"https:\/\/pierrehenriet.fr\/index.php\/wp-json\/wp\/v2\/tags?post=813"}],"curies":[{"name":"wp","href":"https:\/\/api.w.org\/{rel}","templated":true}]}}